{"id":149,"date":"2019-03-20T10:00:00","date_gmt":"2019-03-20T09:00:00","guid":{"rendered":"https:\/\/lestestsdesoso.wordpress.com\/?p=149"},"modified":"2019-03-20T10:00:00","modified_gmt":"2019-03-20T09:00:00","slug":"voile","status":"publish","type":"post","link":"https:\/\/eccleblog.apsh34.org\/index.php\/2019\/03\/20\/voile\/","title":{"rendered":"Voile"},"content":{"rendered":"\n<p>L\u2019activit\u00e9 se d\u00e9roule au lac du Salagou \u00e0 la base nautique.<\/p>\n\n\n\n<p>On arrive et on se change dans un local (short, chaussure d\u2019eau et gilet de sauvetage). Durant cette activit\u00e9, il y a un moniteur. Apr\u00e8s avoir install\u00e9 les voiles , on fait un n\u0153ud de huit \u00e0 la grande corde appel\u00e9 \u00ab\u00a0bout\u00a0\u00bb. Le nom du bateau est un catamaran : il y a le gouvernail, la grand voile, le foc.<\/p>\n\n\n\n<p>Apr\u00e8s on part sur l\u2019eau ; on fait 2 groupes : il y a un groupe avec l\u2019\u00e9ducatrice Corinne. Pour ceux qui sont moins autonome, ou qui ont besoin d\u2019apprendre des choses sur le bateau. On a sur chaque groupe un capitaine qui dirige l\u2019op\u00e9ration et l\u2019\u00e9quipage fait ce qu\u2019il dit .<\/p>\n\n\n\n<h4 class=\"wp-block-heading\" id=\"viewer-a4rvi\"><strong><u>Termes techniques<\/u><\/strong> :<\/h4>\n\n\n\n<p>Choquer la voile consiste \u00e0 rel\u00e2cher une \u00e9coute pour ouvrir l\u2019angle form\u00e9 entre la voile et l\u2019axe du bateau.<\/p>\n\n\n\n<p>Border la voile signifie tendre la corde, une \u00e9coute, en la tirant de fa\u00e7on a raidir la voile, pour aller au plus pr\u00e9s du vent et refermer l\u2019angle form\u00e9 entre la voile et l\u2019axe du bateau.<\/p>\n\n\n\n<p>Affaler c\u2019est faire descendre la voile .<\/p>\n\n\n\n<figure class=\"wp-block-image size-large\"><img decoding=\"async\" src=\"https:\/\/lestestsdesoso.wordpress.com\/wp-content\/uploads\/2025\/01\/voile.jpg?w=1024\" alt=\"\" class=\"wp-image-151\" \/><\/figure>\n\n\n\n<p><strong><em>Emeline B.<\/em><\/strong><\/p>\n\n\n\n<p><\/p>\n","protected":false},"excerpt":{"rendered":"<p>L\u2019activit\u00e9 se d\u00e9roule au lac du Salagou \u00e0 la base nautique. On arrive et on se change dans un local (short, chaussure d\u2019eau et gilet de sauvetage). Durant cette activit\u00e9, [&hellip;]<\/p>\n","protected":false},"author":1,"featured_media":151,"comment_status":"closed","ping_status":"closed","sticky":false,"template":"","format":"standard","meta":{"_EventAllDay":false,"_EventTimezone":"","_EventStartDate":"","_EventEndDate":"","_EventStartDateUTC":"","_EventEndDateUTC":"","_EventShowMap":false,"_EventShowMapLink":false,"_EventURL":"","_EventCost":"","_EventCostDescription":"","_EventCurrencySymbol":"","_EventCurrencyCode":"","_EventCurrencyPosition":"","_EventDateTimeSeparator":"","_EventTimeRangeSeparator":"","_EventOrganizerID":[],"_EventVenueID":[],"_OrganizerEmail":"","_OrganizerPhone":"","_OrganizerWebsite":"","_VenueAddress":"","_VenueCity":"","_VenueCountry":"","_VenueProvince":"","_VenueState":"","_VenueZip":"","_VenuePhone":"","_VenueURL":"","_VenueStateProvince":"","_VenueLat":"","_VenueLng":"","_VenueShowMap":false,"_VenueShowMapLink":false,"footnotes":""},"categories":[2],"tags":[],"class_list":["post-149","post","type-post","status-publish","format-standard","has-post-thumbnail","hentry","category-activites"],"yoast_head":"<!-- This site is optimized with the Yoast SEO plugin v25.0 - https:\/\/yoast.com\/wordpress\/plugins\/seo\/ -->\n<title>Voile - Blog du foyer de vie Camille Claudel<\/title>\n<meta name=\"robots\" content=\"index, follow, max-snippet:-1, max-image-preview:large, max-video-preview:-1\" \/>\n<link rel=\"canonical\" href=\"https:\/\/eccleblog.apsh34.org\/index.php\/2019\/03\/20\/voile\/\" \/>\n<meta property=\"og:locale\" content=\"fr_FR\" \/>\n<meta property=\"og:type\" content=\"article\" \/>\n<meta property=\"og:title\" content=\"Voile - Blog du foyer de vie Camille Claudel\" \/>\n<meta property=\"og:description\" content=\"L\u2019activit\u00e9 se d\u00e9roule au lac du Salagou \u00e0 la base nautique. On arrive et on se change dans un local (short, chaussure d\u2019eau et gilet de sauvetage). Durant cette activit\u00e9, [&hellip;]\" \/>\n<meta property=\"og:url\" content=\"https:\/\/eccleblog.apsh34.org\/index.php\/2019\/03\/20\/voile\/\" \/>\n<meta property=\"og:site_name\" content=\"Blog du foyer de vie Camille Claudel\" \/>\n<meta property=\"article:publisher\" content=\"https:\/\/www.facebook.com\/apsh34\" \/>\n<meta property=\"article:published_time\" content=\"2019-03-20T09:00:00+00:00\" \/>\n<meta property=\"og:image\" content=\"https:\/\/eccleblog.apsh34.org\/wp-content\/uploads\/2025\/01\/voile-1-scaled.jpg\" \/>\n\t<meta property=\"og:image:width\" content=\"2560\" \/>\n\t<meta property=\"og:image:height\" content=\"1920\" \/>\n\t<meta property=\"og:image:type\" content=\"image\/jpeg\" \/>\n<meta name=\"author\" content=\"Sofya\" \/>\n<meta name=\"twitter:card\" content=\"summary_large_image\" \/>\n<meta name=\"twitter:label1\" content=\"\u00c9crit par\" \/>\n\t<meta name=\"twitter:data1\" content=\"Sofya\" \/>\n\t<meta name=\"twitter:label2\" content=\"Dur\u00e9e de lecture estim\u00e9e\" \/>\n\t<meta name=\"twitter:data2\" content=\"1 minute\" \/>\n<script type=\"application\/ld+json\" class=\"yoast-schema-graph\">{\"@context\":\"https:\/\/schema.org\",\"@graph\":[{\"@type\":\"Article\",\"@id\":\"https:\/\/eccleblog.apsh34.org\/index.php\/2019\/03\/20\/voile\/#article\",\"isPartOf\":{\"@id\":\"https:\/\/eccleblog.apsh34.org\/index.php\/2019\/03\/20\/voile\/\"},\"author\":{\"name\":\"Sofya\",\"@id\":\"https:\/\/eccleblog.apsh34.org\/#\/schema\/person\/f6fb767e779cd7f8cebc492dcfb0c8be\"},\"headline\":\"Voile\",\"datePublished\":\"2019-03-20T09:00:00+00:00\",\"mainEntityOfPage\":{\"@id\":\"https:\/\/eccleblog.apsh34.org\/index.php\/2019\/03\/20\/voile\/\"},\"wordCount\":201,\"publisher\":{\"@id\":\"https:\/\/eccleblog.apsh34.org\/#organization\"},\"image\":{\"@id\":\"https:\/\/eccleblog.apsh34.org\/index.php\/2019\/03\/20\/voile\/#primaryimage\"},\"thumbnailUrl\":\"https:\/\/eccleblog.apsh34.org\/wp-content\/uploads\/2025\/01\/voile-1-scaled.jpg\",\"articleSection\":[\"Nos activit\u00e9s\"],\"inLanguage\":\"fr-FR\"},{\"@type\":\"WebPage\",\"@id\":\"https:\/\/eccleblog.apsh34.org\/index.php\/2019\/03\/20\/voile\/\",\"url\":\"https:\/\/eccleblog.apsh34.org\/index.php\/2019\/03\/20\/voile\/\",\"name\":\"Voile - Blog du foyer de vie Camille Claudel\",\"isPartOf\":{\"@id\":\"https:\/\/eccleblog.apsh34.org\/#website\"},\"primaryImageOfPage\":{\"@id\":\"https:\/\/eccleblog.apsh34.org\/index.php\/2019\/03\/20\/voile\/#primaryimage\"},\"image\":{\"@id\":\"https:\/\/eccleblog.apsh34.org\/index.php\/2019\/03\/20\/voile\/#primaryimage\"},\"thumbnailUrl\":\"https:\/\/eccleblog.apsh34.org\/wp-content\/uploads\/2025\/01\/voile-1-scaled.jpg\",\"datePublished\":\"2019-03-20T09:00:00+00:00\",\"breadcrumb\":{\"@id\":\"https:\/\/eccleblog.apsh34.org\/index.php\/2019\/03\/20\/voile\/#breadcrumb\"},\"inLanguage\":\"fr-FR\",\"potentialAction\":[{\"@type\":\"ReadAction\",\"target\":[\"https:\/\/eccleblog.apsh34.org\/index.php\/2019\/03\/20\/voile\/\"]}]},{\"@type\":\"ImageObject\",\"inLanguage\":\"fr-FR\",\"@id\":\"https:\/\/eccleblog.apsh34.org\/index.php\/2019\/03\/20\/voile\/#primaryimage\",\"url\":\"https:\/\/eccleblog.apsh34.org\/wp-content\/uploads\/2025\/01\/voile-1-scaled.jpg\",\"contentUrl\":\"https:\/\/eccleblog.apsh34.org\/wp-content\/uploads\/2025\/01\/voile-1-scaled.jpg\",\"width\":2560,\"height\":1920,\"caption\":\"dav\"},{\"@type\":\"BreadcrumbList\",\"@id\":\"https:\/\/eccleblog.apsh34.org\/index.php\/2019\/03\/20\/voile\/#breadcrumb\",\"itemListElement\":[{\"@type\":\"ListItem\",\"position\":1,\"name\":\"Accueil\",\"item\":\"https:\/\/eccleblog.apsh34.org\/\"},{\"@type\":\"ListItem\",\"position\":2,\"name\":\"Voile\"}]},{\"@type\":\"WebSite\",\"@id\":\"https:\/\/eccleblog.apsh34.org\/#website\",\"url\":\"https:\/\/eccleblog.apsh34.org\/\",\"name\":\"Blog du foyer de vie Camille Claudel - APSH34\",\"description\":\"Les couleurs de nos vies\",\"publisher\":{\"@id\":\"https:\/\/eccleblog.apsh34.org\/#organization\"},\"potentialAction\":[{\"@type\":\"SearchAction\",\"target\":{\"@type\":\"EntryPoint\",\"urlTemplate\":\"https:\/\/eccleblog.apsh34.org\/?s={search_term_string}\"},\"query-input\":{\"@type\":\"PropertyValueSpecification\",\"valueRequired\":true,\"valueName\":\"search_term_string\"}}],\"inLanguage\":\"fr-FR\"},{\"@type\":\"Organization\",\"@id\":\"https:\/\/eccleblog.apsh34.org\/#organization\",\"name\":\"Blog du foyer de vie Camille Claudel - APSH34\",\"url\":\"https:\/\/eccleblog.apsh34.org\/\",\"logo\":{\"@type\":\"ImageObject\",\"inLanguage\":\"fr-FR\",\"@id\":\"https:\/\/eccleblog.apsh34.org\/#\/schema\/logo\/image\/\",\"url\":\"https:\/\/eccleblog.apsh34.org\/wp-content\/uploads\/2025\/01\/cropped-Icone-apsh-1.png\",\"contentUrl\":\"https:\/\/eccleblog.apsh34.org\/wp-content\/uploads\/2025\/01\/cropped-Icone-apsh-1.png\",\"width\":512,\"height\":512,\"caption\":\"Blog du foyer de vie Camille Claudel - APSH34\"},\"image\":{\"@id\":\"https:\/\/eccleblog.apsh34.org\/#\/schema\/logo\/image\/\"},\"sameAs\":[\"https:\/\/www.facebook.com\/apsh34\",\"https:\/\/www.linkedin.com\/company\/apsh34\/\",\"https:\/\/www.instagram.com\/apsh34_association\/\",\"https:\/\/www.youtube.com\/@apsh34\"]},{\"@type\":\"Person\",\"@id\":\"https:\/\/eccleblog.apsh34.org\/#\/schema\/person\/f6fb767e779cd7f8cebc492dcfb0c8be\",\"name\":\"Sofya\",\"image\":{\"@type\":\"ImageObject\",\"inLanguage\":\"fr-FR\",\"@id\":\"https:\/\/eccleblog.apsh34.org\/#\/schema\/person\/image\/\",\"url\":\"https:\/\/secure.gravatar.com\/avatar\/38f248e8976d46ef6ccb70cba6f8d069c98c0d0ed9f39d3c7f286dc8ccd97586?s=96&d=mm&r=g\",\"contentUrl\":\"https:\/\/secure.gravatar.com\/avatar\/38f248e8976d46ef6ccb70cba6f8d069c98c0d0ed9f39d3c7f286dc8ccd97586?s=96&d=mm&r=g\",\"caption\":\"Sofya\"},\"sameAs\":[\"http:\/\/vbixuwd.cluster100.hosting.ovh.net\"],\"url\":\"https:\/\/eccleblog.apsh34.org\/index.php\/author\/admin7778\/\"}]}<\/script>\n<!-- \/ Yoast SEO plugin. -->","yoast_head_json":{"title":"Voile - Blog du foyer de vie Camille Claudel","robots":{"index":"index","follow":"follow","max-snippet":"max-snippet:-1","max-image-preview":"max-image-preview:large","max-video-preview":"max-video-preview:-1"},"canonical":"https:\/\/eccleblog.apsh34.org\/index.php\/2019\/03\/20\/voile\/","og_locale":"fr_FR","og_type":"article","og_title":"Voile - Blog du foyer de vie Camille Claudel","og_description":"L\u2019activit\u00e9 se d\u00e9roule au lac du Salagou \u00e0 la base nautique. On arrive et on se change dans un local (short, chaussure d\u2019eau et gilet de sauvetage). Durant cette activit\u00e9, [&hellip;]","og_url":"https:\/\/eccleblog.apsh34.org\/index.php\/2019\/03\/20\/voile\/","og_site_name":"Blog du foyer de vie Camille Claudel","article_publisher":"https:\/\/www.facebook.com\/apsh34","article_published_time":"2019-03-20T09:00:00+00:00","og_image":[{"width":2560,"height":1920,"url":"https:\/\/eccleblog.apsh34.org\/wp-content\/uploads\/2025\/01\/voile-1-scaled.jpg","type":"image\/jpeg"}],"author":"Sofya","twitter_card":"summary_large_image","twitter_misc":{"\u00c9crit par":"Sofya","Dur\u00e9e de lecture estim\u00e9e":"1 minute"},"schema":{"@context":"https:\/\/schema.org","@graph":[{"@type":"Article","@id":"https:\/\/eccleblog.apsh34.org\/index.php\/2019\/03\/20\/voile\/#article","isPartOf":{"@id":"https:\/\/eccleblog.apsh34.org\/index.php\/2019\/03\/20\/voile\/"},"author":{"name":"Sofya","@id":"https:\/\/eccleblog.apsh34.org\/#\/schema\/person\/f6fb767e779cd7f8cebc492dcfb0c8be"},"headline":"Voile","datePublished":"2019-03-20T09:00:00+00:00","mainEntityOfPage":{"@id":"https:\/\/eccleblog.apsh34.org\/index.php\/2019\/03\/20\/voile\/"},"wordCount":201,"publisher":{"@id":"https:\/\/eccleblog.apsh34.org\/#organization"},"image":{"@id":"https:\/\/eccleblog.apsh34.org\/index.php\/2019\/03\/20\/voile\/#primaryimage"},"thumbnailUrl":"https:\/\/eccleblog.apsh34.org\/wp-content\/uploads\/2025\/01\/voile-1-scaled.jpg","articleSection":["Nos activit\u00e9s"],"inLanguage":"fr-FR"},{"@type":"WebPage","@id":"https:\/\/eccleblog.apsh34.org\/index.php\/2019\/03\/20\/voile\/","url":"https:\/\/eccleblog.apsh34.org\/index.php\/2019\/03\/20\/voile\/","name":"Voile - Blog du foyer de vie Camille Claudel","isPartOf":{"@id":"https:\/\/eccleblog.apsh34.org\/#website"},"primaryImageOfPage":{"@id":"https:\/\/eccleblog.apsh34.org\/index.php\/2019\/03\/20\/voile\/#primaryimage"},"image":{"@id":"https:\/\/eccleblog.apsh34.org\/index.php\/2019\/03\/20\/voile\/#primaryimage"},"thumbnailUrl":"https:\/\/eccleblog.apsh34.org\/wp-content\/uploads\/2025\/01\/voile-1-scaled.jpg","datePublished":"2019-03-20T09:00:00+00:00","breadcrumb":{"@id":"https:\/\/eccleblog.apsh34.org\/index.php\/2019\/03\/20\/voile\/#breadcrumb"},"inLanguage":"fr-FR","potentialAction":[{"@type":"ReadAction","target":["https:\/\/eccleblog.apsh34.org\/index.php\/2019\/03\/20\/voile\/"]}]},{"@type":"ImageObject","inLanguage":"fr-FR","@id":"https:\/\/eccleblog.apsh34.org\/index.php\/2019\/03\/20\/voile\/#primaryimage","url":"https:\/\/eccleblog.apsh34.org\/wp-content\/uploads\/2025\/01\/voile-1-scaled.jpg","contentUrl":"https:\/\/eccleblog.apsh34.org\/wp-content\/uploads\/2025\/01\/voile-1-scaled.jpg","width":2560,"height":1920,"caption":"dav"},{"@type":"BreadcrumbList","@id":"https:\/\/eccleblog.apsh34.org\/index.php\/2019\/03\/20\/voile\/#breadcrumb","itemListElement":[{"@type":"ListItem","position":1,"name":"Accueil","item":"https:\/\/eccleblog.apsh34.org\/"},{"@type":"ListItem","position":2,"name":"Voile"}]},{"@type":"WebSite","@id":"https:\/\/eccleblog.apsh34.org\/#website","url":"https:\/\/eccleblog.apsh34.org\/","name":"Blog du foyer de vie Camille Claudel - APSH34","description":"Les couleurs de nos vies","publisher":{"@id":"https:\/\/eccleblog.apsh34.org\/#organization"},"potentialAction":[{"@type":"SearchAction","target":{"@type":"EntryPoint","urlTemplate":"https:\/\/eccleblog.apsh34.org\/?s={search_term_string}"},"query-input":{"@type":"PropertyValueSpecification","valueRequired":true,"valueName":"search_term_string"}}],"inLanguage":"fr-FR"},{"@type":"Organization","@id":"https:\/\/eccleblog.apsh34.org\/#organization","name":"Blog du foyer de vie Camille Claudel - APSH34","url":"https:\/\/eccleblog.apsh34.org\/","logo":{"@type":"ImageObject","inLanguage":"fr-FR","@id":"https:\/\/eccleblog.apsh34.org\/#\/schema\/logo\/image\/","url":"https:\/\/eccleblog.apsh34.org\/wp-content\/uploads\/2025\/01\/cropped-Icone-apsh-1.png","contentUrl":"https:\/\/eccleblog.apsh34.org\/wp-content\/uploads\/2025\/01\/cropped-Icone-apsh-1.png","width":512,"height":512,"caption":"Blog du foyer de vie Camille Claudel - APSH34"},"image":{"@id":"https:\/\/eccleblog.apsh34.org\/#\/schema\/logo\/image\/"},"sameAs":["https:\/\/www.facebook.com\/apsh34","https:\/\/www.linkedin.com\/company\/apsh34\/","https:\/\/www.instagram.com\/apsh34_association\/","https:\/\/www.youtube.com\/@apsh34"]},{"@type":"Person","@id":"https:\/\/eccleblog.apsh34.org\/#\/schema\/person\/f6fb767e779cd7f8cebc492dcfb0c8be","name":"Sofya","image":{"@type":"ImageObject","inLanguage":"fr-FR","@id":"https:\/\/eccleblog.apsh34.org\/#\/schema\/person\/image\/","url":"https:\/\/secure.gravatar.com\/avatar\/38f248e8976d46ef6ccb70cba6f8d069c98c0d0ed9f39d3c7f286dc8ccd97586?s=96&d=mm&r=g","contentUrl":"https:\/\/secure.gravatar.com\/avatar\/38f248e8976d46ef6ccb70cba6f8d069c98c0d0ed9f39d3c7f286dc8ccd97586?s=96&d=mm&r=g","caption":"Sofya"},"sameAs":["http:\/\/vbixuwd.cluster100.hosting.ovh.net"],"url":"https:\/\/eccleblog.apsh34.org\/index.php\/author\/admin7778\/"}]}},"_links":{"self":[{"href":"https:\/\/eccleblog.apsh34.org\/index.php\/wp-json\/wp\/v2\/posts\/149","targetHints":{"allow":["GET"]}}],"collection":[{"href":"https:\/\/eccleblog.apsh34.org\/index.php\/wp-json\/wp\/v2\/posts"}],"about":[{"href":"https:\/\/eccleblog.apsh34.org\/index.php\/wp-json\/wp\/v2\/types\/post"}],"author":[{"embeddable":true,"href":"https:\/\/eccleblog.apsh34.org\/index.php\/wp-json\/wp\/v2\/users\/1"}],"replies":[{"embeddable":true,"href":"https:\/\/eccleblog.apsh34.org\/index.php\/wp-json\/wp\/v2\/comments?post=149"}],"version-history":[{"count":0,"href":"https:\/\/eccleblog.apsh34.org\/index.php\/wp-json\/wp\/v2\/posts\/149\/revisions"}],"wp:featuredmedia":[{"embeddable":true,"href":"https:\/\/eccleblog.apsh34.org\/index.php\/wp-json\/wp\/v2\/media\/151"}],"wp:attachment":[{"href":"https:\/\/eccleblog.apsh34.org\/index.php\/wp-json\/wp\/v2\/media?parent=149"}],"wp:term":[{"taxonomy":"category","embeddable":true,"href":"https:\/\/eccleblog.apsh34.org\/index.php\/wp-json\/wp\/v2\/categories?post=149"},{"taxonomy":"post_tag","embeddable":true,"href":"https:\/\/eccleblog.apsh34.org\/index.php\/wp-json\/wp\/v2\/tags?post=149"}],"curies":[{"name":"wp","href":"https:\/\/api.w.org\/{rel}","templated":true}]}}