{"id":153,"date":"2019-07-10T09:30:00","date_gmt":"2019-07-10T07:30:00","guid":{"rendered":"https:\/\/lestestsdesoso.wordpress.com\/?p=153"},"modified":"2025-04-30T15:15:27","modified_gmt":"2025-04-30T13:15:27","slug":"sejour-voile-avec-lassociation-cap-au-large","status":"publish","type":"post","link":"https:\/\/eccleblog.apsh34.org\/index.php\/2019\/07\/10\/sejour-voile-avec-lassociation-cap-au-large\/","title":{"rendered":"S\u00e9jour Voile avec l&rsquo;Association Cap au Large"},"content":{"rendered":"\n<figure class=\"wp-block-image size-large\"><img decoding=\"async\" src=\"https:\/\/lestestsdesoso.wordpress.com\/wp-content\/uploads\/2025\/01\/sejour-voile.png?w=1024\" alt=\"\" class=\"wp-image-155\" \/><\/figure>\n\n\n\n<p id=\"viewer-5fm77\">Avant de monter sur le bateau on devait mettre le gilet de Sauvetage. On devait aussi \u00e9couter les consignes de s\u00e9curit\u00e9s, regarder ou \u00e9t\u00e9 les extincteurs et on ne devait pas mettre de papier dans les toilettes. Pour pr\u00e9parer le repas on devait le faire avant de partir du bateau.<\/p>\n\n\n\n<p id=\"viewer-6u7bo\">On avait 2 longues cordes pour s\u2019attacher et se mettre devant ou derri\u00e8re le bateau. On avait une ficelle qu\u2019on passe entre les jambes. Thomas le capitaine du bateau et Wendy sa co\u00e9quipi\u00e8re nous ont laiss\u00e9 conduire le bateau. La premi\u00e8re nuit comme nous n\u2019avons pas trop l\u2019habitude de dormir dans un bateau il a fallu s\u2019habituer. Le transfert nous a beaucoup plus. Nous aimerions y retourner.<\/p>\n\n\n\n<p id=\"viewer-9ga8b\">L\u2019\u00e9quipage nous ont bien accueilli.<\/p>\n\n\n\n<p id=\"viewer-fb07h\"><strong><em>Mathilde et Emeline.<\/em><\/strong><\/p>\n","protected":false},"excerpt":{"rendered":"<p>Avant de monter sur le bateau on devait mettre le gilet de Sauvetage. On devait aussi \u00e9couter les consignes de s\u00e9curit\u00e9s, regarder ou \u00e9t\u00e9 les extincteurs et on ne devait [&hellip;]<\/p>\n","protected":false},"author":1,"featured_media":155,"comment_status":"closed","ping_status":"closed","sticky":false,"template":"","format":"standard","meta":{"_EventAllDay":false,"_EventTimezone":"","_EventStartDate":"","_EventEndDate":"","_EventStartDateUTC":"","_EventEndDateUTC":"","_EventShowMap":false,"_EventShowMapLink":false,"_EventURL":"","_EventCost":"","_EventCostDescription":"","_EventCurrencySymbol":"","_EventCurrencyCode":"","_EventCurrencyPosition":"","_EventDateTimeSeparator":"","_EventTimeRangeSeparator":"","_EventOrganizerID":[],"_EventVenueID":[],"_OrganizerEmail":"","_OrganizerPhone":"","_OrganizerWebsite":"","_VenueAddress":"","_VenueCity":"","_VenueCountry":"","_VenueProvince":"","_VenueState":"","_VenueZip":"","_VenuePhone":"","_VenueURL":"","_VenueStateProvince":"","_VenueLat":"","_VenueLng":"","_VenueShowMap":false,"_VenueShowMapLink":false,"footnotes":""},"categories":[16],"tags":[],"class_list":["post-153","post","type-post","status-publish","format-standard","has-post-thumbnail","hentry","category-nos-evenements"],"yoast_head":"<!-- This site is optimized with the Yoast SEO plugin v25.0 - https:\/\/yoast.com\/wordpress\/plugins\/seo\/ -->\n<title>S\u00e9jour Voile avec l&#039;Association Cap au Large - Blog du foyer de vie Camille Claudel<\/title>\n<meta name=\"robots\" content=\"index, follow, max-snippet:-1, max-image-preview:large, max-video-preview:-1\" \/>\n<link rel=\"canonical\" href=\"https:\/\/eccleblog.apsh34.org\/index.php\/2019\/07\/10\/sejour-voile-avec-lassociation-cap-au-large\/\" \/>\n<meta property=\"og:locale\" content=\"fr_FR\" \/>\n<meta property=\"og:type\" content=\"article\" \/>\n<meta property=\"og:title\" content=\"S\u00e9jour Voile avec l&#039;Association Cap au Large - Blog du foyer de vie Camille Claudel\" \/>\n<meta property=\"og:description\" content=\"Avant de monter sur le bateau on devait mettre le gilet de Sauvetage. On devait aussi \u00e9couter les consignes de s\u00e9curit\u00e9s, regarder ou \u00e9t\u00e9 les extincteurs et on ne devait [&hellip;]\" \/>\n<meta property=\"og:url\" content=\"https:\/\/eccleblog.apsh34.org\/index.php\/2019\/07\/10\/sejour-voile-avec-lassociation-cap-au-large\/\" \/>\n<meta property=\"og:site_name\" content=\"Blog du foyer de vie Camille Claudel\" \/>\n<meta property=\"article:publisher\" content=\"https:\/\/www.facebook.com\/apsh34\" \/>\n<meta property=\"article:published_time\" content=\"2019-07-10T07:30:00+00:00\" \/>\n<meta property=\"article:modified_time\" content=\"2025-04-30T13:15:27+00:00\" \/>\n<meta property=\"og:image\" content=\"https:\/\/eccleblog.apsh34.org\/wp-content\/uploads\/2025\/01\/sejour-voile-1.png\" \/>\n\t<meta property=\"og:image:width\" content=\"1300\" \/>\n\t<meta property=\"og:image:height\" content=\"861\" \/>\n\t<meta property=\"og:image:type\" content=\"image\/png\" \/>\n<meta name=\"author\" content=\"Sofya\" \/>\n<meta name=\"twitter:card\" content=\"summary_large_image\" \/>\n<meta name=\"twitter:label1\" content=\"\u00c9crit par\" \/>\n\t<meta name=\"twitter:data1\" content=\"Sofya\" \/>\n\t<meta name=\"twitter:label2\" content=\"Dur\u00e9e de lecture estim\u00e9e\" \/>\n\t<meta name=\"twitter:data2\" content=\"2 minutes\" \/>\n<script type=\"application\/ld+json\" class=\"yoast-schema-graph\">{\"@context\":\"https:\/\/schema.org\",\"@graph\":[{\"@type\":\"Article\",\"@id\":\"https:\/\/eccleblog.apsh34.org\/index.php\/2019\/07\/10\/sejour-voile-avec-lassociation-cap-au-large\/#article\",\"isPartOf\":{\"@id\":\"https:\/\/eccleblog.apsh34.org\/index.php\/2019\/07\/10\/sejour-voile-avec-lassociation-cap-au-large\/\"},\"author\":{\"name\":\"Sofya\",\"@id\":\"https:\/\/eccleblog.apsh34.org\/#\/schema\/person\/f6fb767e779cd7f8cebc492dcfb0c8be\"},\"headline\":\"S\u00e9jour Voile avec l&rsquo;Association Cap au Large\",\"datePublished\":\"2019-07-10T07:30:00+00:00\",\"dateModified\":\"2025-04-30T13:15:27+00:00\",\"mainEntityOfPage\":{\"@id\":\"https:\/\/eccleblog.apsh34.org\/index.php\/2019\/07\/10\/sejour-voile-avec-lassociation-cap-au-large\/\"},\"wordCount\":146,\"publisher\":{\"@id\":\"https:\/\/eccleblog.apsh34.org\/#organization\"},\"image\":{\"@id\":\"https:\/\/eccleblog.apsh34.org\/index.php\/2019\/07\/10\/sejour-voile-avec-lassociation-cap-au-large\/#primaryimage\"},\"thumbnailUrl\":\"https:\/\/eccleblog.apsh34.org\/wp-content\/uploads\/2025\/01\/sejour-voile-1.png\",\"articleSection\":[\"Actualit\u00e9s\"],\"inLanguage\":\"fr-FR\"},{\"@type\":\"WebPage\",\"@id\":\"https:\/\/eccleblog.apsh34.org\/index.php\/2019\/07\/10\/sejour-voile-avec-lassociation-cap-au-large\/\",\"url\":\"https:\/\/eccleblog.apsh34.org\/index.php\/2019\/07\/10\/sejour-voile-avec-lassociation-cap-au-large\/\",\"name\":\"S\u00e9jour Voile avec l'Association Cap au Large - Blog du foyer de vie Camille Claudel\",\"isPartOf\":{\"@id\":\"https:\/\/eccleblog.apsh34.org\/#website\"},\"primaryImageOfPage\":{\"@id\":\"https:\/\/eccleblog.apsh34.org\/index.php\/2019\/07\/10\/sejour-voile-avec-lassociation-cap-au-large\/#primaryimage\"},\"image\":{\"@id\":\"https:\/\/eccleblog.apsh34.org\/index.php\/2019\/07\/10\/sejour-voile-avec-lassociation-cap-au-large\/#primaryimage\"},\"thumbnailUrl\":\"https:\/\/eccleblog.apsh34.org\/wp-content\/uploads\/2025\/01\/sejour-voile-1.png\",\"datePublished\":\"2019-07-10T07:30:00+00:00\",\"dateModified\":\"2025-04-30T13:15:27+00:00\",\"breadcrumb\":{\"@id\":\"https:\/\/eccleblog.apsh34.org\/index.php\/2019\/07\/10\/sejour-voile-avec-lassociation-cap-au-large\/#breadcrumb\"},\"inLanguage\":\"fr-FR\",\"potentialAction\":[{\"@type\":\"ReadAction\",\"target\":[\"https:\/\/eccleblog.apsh34.org\/index.php\/2019\/07\/10\/sejour-voile-avec-lassociation-cap-au-large\/\"]}]},{\"@type\":\"ImageObject\",\"inLanguage\":\"fr-FR\",\"@id\":\"https:\/\/eccleblog.apsh34.org\/index.php\/2019\/07\/10\/sejour-voile-avec-lassociation-cap-au-large\/#primaryimage\",\"url\":\"https:\/\/eccleblog.apsh34.org\/wp-content\/uploads\/2025\/01\/sejour-voile-1.png\",\"contentUrl\":\"https:\/\/eccleblog.apsh34.org\/wp-content\/uploads\/2025\/01\/sejour-voile-1.png\",\"width\":1300,\"height\":861},{\"@type\":\"BreadcrumbList\",\"@id\":\"https:\/\/eccleblog.apsh34.org\/index.php\/2019\/07\/10\/sejour-voile-avec-lassociation-cap-au-large\/#breadcrumb\",\"itemListElement\":[{\"@type\":\"ListItem\",\"position\":1,\"name\":\"Accueil\",\"item\":\"https:\/\/eccleblog.apsh34.org\/\"},{\"@type\":\"ListItem\",\"position\":2,\"name\":\"S\u00e9jour Voile avec l&rsquo;Association Cap au Large\"}]},{\"@type\":\"WebSite\",\"@id\":\"https:\/\/eccleblog.apsh34.org\/#website\",\"url\":\"https:\/\/eccleblog.apsh34.org\/\",\"name\":\"Blog du foyer de vie Camille Claudel - APSH34\",\"description\":\"Les couleurs de nos vies\",\"publisher\":{\"@id\":\"https:\/\/eccleblog.apsh34.org\/#organization\"},\"potentialAction\":[{\"@type\":\"SearchAction\",\"target\":{\"@type\":\"EntryPoint\",\"urlTemplate\":\"https:\/\/eccleblog.apsh34.org\/?s={search_term_string}\"},\"query-input\":{\"@type\":\"PropertyValueSpecification\",\"valueRequired\":true,\"valueName\":\"search_term_string\"}}],\"inLanguage\":\"fr-FR\"},{\"@type\":\"Organization\",\"@id\":\"https:\/\/eccleblog.apsh34.org\/#organization\",\"name\":\"Blog du foyer de vie Camille Claudel - APSH34\",\"url\":\"https:\/\/eccleblog.apsh34.org\/\",\"logo\":{\"@type\":\"ImageObject\",\"inLanguage\":\"fr-FR\",\"@id\":\"https:\/\/eccleblog.apsh34.org\/#\/schema\/logo\/image\/\",\"url\":\"https:\/\/eccleblog.apsh34.org\/wp-content\/uploads\/2025\/01\/cropped-Icone-apsh-1.png\",\"contentUrl\":\"https:\/\/eccleblog.apsh34.org\/wp-content\/uploads\/2025\/01\/cropped-Icone-apsh-1.png\",\"width\":512,\"height\":512,\"caption\":\"Blog du foyer de vie Camille Claudel - APSH34\"},\"image\":{\"@id\":\"https:\/\/eccleblog.apsh34.org\/#\/schema\/logo\/image\/\"},\"sameAs\":[\"https:\/\/www.facebook.com\/apsh34\",\"https:\/\/www.linkedin.com\/company\/apsh34\/\",\"https:\/\/www.instagram.com\/apsh34_association\/\",\"https:\/\/www.youtube.com\/@apsh34\"]},{\"@type\":\"Person\",\"@id\":\"https:\/\/eccleblog.apsh34.org\/#\/schema\/person\/f6fb767e779cd7f8cebc492dcfb0c8be\",\"name\":\"Sofya\",\"image\":{\"@type\":\"ImageObject\",\"inLanguage\":\"fr-FR\",\"@id\":\"https:\/\/eccleblog.apsh34.org\/#\/schema\/person\/image\/\",\"url\":\"https:\/\/secure.gravatar.com\/avatar\/38f248e8976d46ef6ccb70cba6f8d069c98c0d0ed9f39d3c7f286dc8ccd97586?s=96&d=mm&r=g\",\"contentUrl\":\"https:\/\/secure.gravatar.com\/avatar\/38f248e8976d46ef6ccb70cba6f8d069c98c0d0ed9f39d3c7f286dc8ccd97586?s=96&d=mm&r=g\",\"caption\":\"Sofya\"},\"sameAs\":[\"http:\/\/vbixuwd.cluster100.hosting.ovh.net\"],\"url\":\"https:\/\/eccleblog.apsh34.org\/index.php\/author\/admin7778\/\"}]}<\/script>\n<!-- \/ Yoast SEO plugin. -->","yoast_head_json":{"title":"S\u00e9jour Voile avec l'Association Cap au Large - Blog du foyer de vie Camille Claudel","robots":{"index":"index","follow":"follow","max-snippet":"max-snippet:-1","max-image-preview":"max-image-preview:large","max-video-preview":"max-video-preview:-1"},"canonical":"https:\/\/eccleblog.apsh34.org\/index.php\/2019\/07\/10\/sejour-voile-avec-lassociation-cap-au-large\/","og_locale":"fr_FR","og_type":"article","og_title":"S\u00e9jour Voile avec l'Association Cap au Large - Blog du foyer de vie Camille Claudel","og_description":"Avant de monter sur le bateau on devait mettre le gilet de Sauvetage. On devait aussi \u00e9couter les consignes de s\u00e9curit\u00e9s, regarder ou \u00e9t\u00e9 les extincteurs et on ne devait [&hellip;]","og_url":"https:\/\/eccleblog.apsh34.org\/index.php\/2019\/07\/10\/sejour-voile-avec-lassociation-cap-au-large\/","og_site_name":"Blog du foyer de vie Camille Claudel","article_publisher":"https:\/\/www.facebook.com\/apsh34","article_published_time":"2019-07-10T07:30:00+00:00","article_modified_time":"2025-04-30T13:15:27+00:00","og_image":[{"width":1300,"height":861,"url":"https:\/\/eccleblog.apsh34.org\/wp-content\/uploads\/2025\/01\/sejour-voile-1.png","type":"image\/png"}],"author":"Sofya","twitter_card":"summary_large_image","twitter_misc":{"\u00c9crit par":"Sofya","Dur\u00e9e de lecture estim\u00e9e":"2 minutes"},"schema":{"@context":"https:\/\/schema.org","@graph":[{"@type":"Article","@id":"https:\/\/eccleblog.apsh34.org\/index.php\/2019\/07\/10\/sejour-voile-avec-lassociation-cap-au-large\/#article","isPartOf":{"@id":"https:\/\/eccleblog.apsh34.org\/index.php\/2019\/07\/10\/sejour-voile-avec-lassociation-cap-au-large\/"},"author":{"name":"Sofya","@id":"https:\/\/eccleblog.apsh34.org\/#\/schema\/person\/f6fb767e779cd7f8cebc492dcfb0c8be"},"headline":"S\u00e9jour Voile avec l&rsquo;Association Cap au Large","datePublished":"2019-07-10T07:30:00+00:00","dateModified":"2025-04-30T13:15:27+00:00","mainEntityOfPage":{"@id":"https:\/\/eccleblog.apsh34.org\/index.php\/2019\/07\/10\/sejour-voile-avec-lassociation-cap-au-large\/"},"wordCount":146,"publisher":{"@id":"https:\/\/eccleblog.apsh34.org\/#organization"},"image":{"@id":"https:\/\/eccleblog.apsh34.org\/index.php\/2019\/07\/10\/sejour-voile-avec-lassociation-cap-au-large\/#primaryimage"},"thumbnailUrl":"https:\/\/eccleblog.apsh34.org\/wp-content\/uploads\/2025\/01\/sejour-voile-1.png","articleSection":["Actualit\u00e9s"],"inLanguage":"fr-FR"},{"@type":"WebPage","@id":"https:\/\/eccleblog.apsh34.org\/index.php\/2019\/07\/10\/sejour-voile-avec-lassociation-cap-au-large\/","url":"https:\/\/eccleblog.apsh34.org\/index.php\/2019\/07\/10\/sejour-voile-avec-lassociation-cap-au-large\/","name":"S\u00e9jour Voile avec l'Association Cap au Large - Blog du foyer de vie Camille Claudel","isPartOf":{"@id":"https:\/\/eccleblog.apsh34.org\/#website"},"primaryImageOfPage":{"@id":"https:\/\/eccleblog.apsh34.org\/index.php\/2019\/07\/10\/sejour-voile-avec-lassociation-cap-au-large\/#primaryimage"},"image":{"@id":"https:\/\/eccleblog.apsh34.org\/index.php\/2019\/07\/10\/sejour-voile-avec-lassociation-cap-au-large\/#primaryimage"},"thumbnailUrl":"https:\/\/eccleblog.apsh34.org\/wp-content\/uploads\/2025\/01\/sejour-voile-1.png","datePublished":"2019-07-10T07:30:00+00:00","dateModified":"2025-04-30T13:15:27+00:00","breadcrumb":{"@id":"https:\/\/eccleblog.apsh34.org\/index.php\/2019\/07\/10\/sejour-voile-avec-lassociation-cap-au-large\/#breadcrumb"},"inLanguage":"fr-FR","potentialAction":[{"@type":"ReadAction","target":["https:\/\/eccleblog.apsh34.org\/index.php\/2019\/07\/10\/sejour-voile-avec-lassociation-cap-au-large\/"]}]},{"@type":"ImageObject","inLanguage":"fr-FR","@id":"https:\/\/eccleblog.apsh34.org\/index.php\/2019\/07\/10\/sejour-voile-avec-lassociation-cap-au-large\/#primaryimage","url":"https:\/\/eccleblog.apsh34.org\/wp-content\/uploads\/2025\/01\/sejour-voile-1.png","contentUrl":"https:\/\/eccleblog.apsh34.org\/wp-content\/uploads\/2025\/01\/sejour-voile-1.png","width":1300,"height":861},{"@type":"BreadcrumbList","@id":"https:\/\/eccleblog.apsh34.org\/index.php\/2019\/07\/10\/sejour-voile-avec-lassociation-cap-au-large\/#breadcrumb","itemListElement":[{"@type":"ListItem","position":1,"name":"Accueil","item":"https:\/\/eccleblog.apsh34.org\/"},{"@type":"ListItem","position":2,"name":"S\u00e9jour Voile avec l&rsquo;Association Cap au Large"}]},{"@type":"WebSite","@id":"https:\/\/eccleblog.apsh34.org\/#website","url":"https:\/\/eccleblog.apsh34.org\/","name":"Blog du foyer de vie Camille Claudel - APSH34","description":"Les couleurs de nos vies","publisher":{"@id":"https:\/\/eccleblog.apsh34.org\/#organization"},"potentialAction":[{"@type":"SearchAction","target":{"@type":"EntryPoint","urlTemplate":"https:\/\/eccleblog.apsh34.org\/?s={search_term_string}"},"query-input":{"@type":"PropertyValueSpecification","valueRequired":true,"valueName":"search_term_string"}}],"inLanguage":"fr-FR"},{"@type":"Organization","@id":"https:\/\/eccleblog.apsh34.org\/#organization","name":"Blog du foyer de vie Camille Claudel - APSH34","url":"https:\/\/eccleblog.apsh34.org\/","logo":{"@type":"ImageObject","inLanguage":"fr-FR","@id":"https:\/\/eccleblog.apsh34.org\/#\/schema\/logo\/image\/","url":"https:\/\/eccleblog.apsh34.org\/wp-content\/uploads\/2025\/01\/cropped-Icone-apsh-1.png","contentUrl":"https:\/\/eccleblog.apsh34.org\/wp-content\/uploads\/2025\/01\/cropped-Icone-apsh-1.png","width":512,"height":512,"caption":"Blog du foyer de vie Camille Claudel - APSH34"},"image":{"@id":"https:\/\/eccleblog.apsh34.org\/#\/schema\/logo\/image\/"},"sameAs":["https:\/\/www.facebook.com\/apsh34","https:\/\/www.linkedin.com\/company\/apsh34\/","https:\/\/www.instagram.com\/apsh34_association\/","https:\/\/www.youtube.com\/@apsh34"]},{"@type":"Person","@id":"https:\/\/eccleblog.apsh34.org\/#\/schema\/person\/f6fb767e779cd7f8cebc492dcfb0c8be","name":"Sofya","image":{"@type":"ImageObject","inLanguage":"fr-FR","@id":"https:\/\/eccleblog.apsh34.org\/#\/schema\/person\/image\/","url":"https:\/\/secure.gravatar.com\/avatar\/38f248e8976d46ef6ccb70cba6f8d069c98c0d0ed9f39d3c7f286dc8ccd97586?s=96&d=mm&r=g","contentUrl":"https:\/\/secure.gravatar.com\/avatar\/38f248e8976d46ef6ccb70cba6f8d069c98c0d0ed9f39d3c7f286dc8ccd97586?s=96&d=mm&r=g","caption":"Sofya"},"sameAs":["http:\/\/vbixuwd.cluster100.hosting.ovh.net"],"url":"https:\/\/eccleblog.apsh34.org\/index.php\/author\/admin7778\/"}]}},"_links":{"self":[{"href":"https:\/\/eccleblog.apsh34.org\/index.php\/wp-json\/wp\/v2\/posts\/153","targetHints":{"allow":["GET"]}}],"collection":[{"href":"https:\/\/eccleblog.apsh34.org\/index.php\/wp-json\/wp\/v2\/posts"}],"about":[{"href":"https:\/\/eccleblog.apsh34.org\/index.php\/wp-json\/wp\/v2\/types\/post"}],"author":[{"embeddable":true,"href":"https:\/\/eccleblog.apsh34.org\/index.php\/wp-json\/wp\/v2\/users\/1"}],"replies":[{"embeddable":true,"href":"https:\/\/eccleblog.apsh34.org\/index.php\/wp-json\/wp\/v2\/comments?post=153"}],"version-history":[{"count":1,"href":"https:\/\/eccleblog.apsh34.org\/index.php\/wp-json\/wp\/v2\/posts\/153\/revisions"}],"predecessor-version":[{"id":524,"href":"https:\/\/eccleblog.apsh34.org\/index.php\/wp-json\/wp\/v2\/posts\/153\/revisions\/524"}],"wp:featuredmedia":[{"embeddable":true,"href":"https:\/\/eccleblog.apsh34.org\/index.php\/wp-json\/wp\/v2\/media\/155"}],"wp:attachment":[{"href":"https:\/\/eccleblog.apsh34.org\/index.php\/wp-json\/wp\/v2\/media?parent=153"}],"wp:term":[{"taxonomy":"category","embeddable":true,"href":"https:\/\/eccleblog.apsh34.org\/index.php\/wp-json\/wp\/v2\/categories?post=153"},{"taxonomy":"post_tag","embeddable":true,"href":"https:\/\/eccleblog.apsh34.org\/index.php\/wp-json\/wp\/v2\/tags?post=153"}],"curies":[{"name":"wp","href":"https:\/\/api.w.org\/{rel}","templated":true}]}}