{"id":173,"date":"2024-05-28T10:45:00","date_gmt":"2024-05-28T08:45:00","guid":{"rendered":"https:\/\/lestestsdesoso.wordpress.com\/?p=173"},"modified":"2025-04-30T15:32:08","modified_gmt":"2025-04-30T13:32:08","slug":"scolympique","status":"publish","type":"post","link":"https:\/\/eccleblog.apsh34.org\/index.php\/2024\/05\/28\/scolympique\/","title":{"rendered":"Projet Scol&rsquo;ympique"},"content":{"rendered":"\n<p><\/p>\n\n\n\n<p>avec la participation des <strong>R\u00e9sidents de l\u2019EANM Camille Claudel et des Enfants de l\u2019Ecole Jules Verne de Clermont l\u2019H\u00e9rault.<\/strong><\/p>\n\n\n\n<p><em>&nbsp;\u00ab&nbsp;L\u2019\u00e9cole Jules-Verne, porteuse d\u2019un projet olympique et paralympique, organisait mardi 14 novembre 2023, en partenariat avec l\u2019Espace Camille Claudel (la Maison d\u2019Accueil Sp\u00e9cialis\u00e9e et l\u2019Etablissement d\u2019Accueil Non M\u00e9dicalis\u00e9) et la municipalit\u00e9, une matin\u00e9e sportive et solidaire.&nbsp;\u00bb Midi libre<\/em> <\/p>\n\n\n\n<p><a href=\"https:\/\/www.midilibre.fr\/2023\/11\/19\/une-ceremonie-autour-de-la-flamme-scolympique-11589140.php\">https:\/\/www.midilibre.fr\/2023\/11\/19\/une-ceremonie-autour-de-la-flamme-scolympique-11589140.php<\/a><\/p>\n\n\n\n<figure class=\"wp-block-gallery has-nested-images columns-default is-cropped wp-block-gallery-1 is-layout-flex wp-block-gallery-is-layout-flex\">\n<figure class=\"wp-block-image size-large\"><img loading=\"lazy\" decoding=\"async\" width=\"688\" height=\"835\" data-id=\"522\" src=\"https:\/\/eccleblog.apsh34.org\/wp-content\/uploads\/2025\/04\/Scolympique.jpg\" alt=\"\" class=\"wp-image-522\" srcset=\"https:\/\/eccleblog.apsh34.org\/wp-content\/uploads\/2025\/04\/Scolympique.jpg 688w, https:\/\/eccleblog.apsh34.org\/wp-content\/uploads\/2025\/04\/Scolympique-247x300.jpg 247w\" sizes=\"auto, (max-width: 688px) 100vw, 688px\" \/><\/figure>\n<\/figure>\n\n\n\n<blockquote class=\"wp-block-quote is-layout-flow wp-block-quote-is-layout-flow\">\n<p>\u00ab J\u2019ai aim\u00e9 que l\u2019on soit avec la M.A.S. L\u2019accueil des enfants \u00e9tait g\u00e9nial. Ils \u00e9taient tous polis. Les activit\u00e9s communes : la Boccia et la cr\u00e9ation de flammes olympiques, c\u2019\u00e9tait bien. J\u2019ai aim\u00e9 discuter avec les enfants, c\u2019\u00e9tait une super matin\u00e9e. \u00bb<strong><em> <\/em><\/strong><\/p>\n\n\n\n<p><strong><em>Emeline B.<\/em><\/strong><\/p>\n<\/blockquote>\n\n\n\n<blockquote class=\"wp-block-quote is-layout-flow wp-block-quote-is-layout-flow\">\n<p>\u00ab J\u2019ai aim\u00e9 \u00eatre re\u00e7u par Mr le Maire \u00e0 la mairie. Les activit\u00e9s : d\u00e9monstration de sarbacane et les flammes olympiques en papier, j\u2019ai aim\u00e9. J\u2019ai aim\u00e9 mettre l\u2019ambiance et aider les enfants. \u00bb <\/p>\n\n\n\n<p><strong><em>Emile F.<\/em><\/strong><\/p>\n<\/blockquote>\n\n\n\n<blockquote class=\"wp-block-quote is-layout-flow wp-block-quote-is-layout-flow\">\n<p>\u00ab J\u2019ai ador\u00e9 le chant avec les enfants. Les anneaux aux couleurs de l\u2019olympisme c\u2019\u00e9tait tr\u00e8s beau. Le jeu de la Boccia et fabriquer des flammes olympiques, j\u2019ai beaucoup aim\u00e9 mais moi j\u2019\u00e9tais timide avec les enfants. \u00bb <\/p>\n\n\n\n<p><em><strong>Morgane V.<\/strong><\/em><\/p>\n<\/blockquote>\n\n\n\n<blockquote class=\"wp-block-quote is-layout-flow wp-block-quote-is-layout-flow\">\n<p>\u00ab J\u2019ai beaucoup aim\u00e9 le cort\u00e8ge de la mairie en passant par la M.A.S et arriver \u00e0 l\u2019\u00e9cole sous les applaudissements des enfants. J\u2019ai aim\u00e9 aider et partager les choses avec les enfants. \u00bb <\/p>\n\n\n\n<p><strong><em>Benjamin J<\/em><\/strong><\/p>\n<\/blockquote>\n\n\n\n<blockquote class=\"wp-block-quote is-layout-flow wp-block-quote-is-layout-flow\">\n<p>\u00ab On a \u00e9t\u00e9 super bien accueilli par les \u00e9l\u00e8ves de l\u2019\u00e9cole Jules Verne. On s\u2019est entrain\u00e9 \u00e0 chanter la chanson de la flamme olympique avec eux. Les jeunes que nous avons rencontr\u00e9s, nous ont accept\u00e9 comme on \u00e9tait, avec nos diff\u00e9rences. On a partag\u00e9 des activit\u00e9s avec eux et des activit\u00e9s sportives. Mais j\u2019ai fait des rencontres et c\u2019\u00e9tait super cool, \u00e7a m\u2019a donn\u00e9 beaucoup d\u2019\u00e9motions, Je me suis fait des copines c\u2019\u00e9tait chouette. Tout le monde voulait me tenir la main et c\u2019\u00e9tait bien.\u00bb<\/p>\n\n\n\n<p><strong><em>Virginie R.<\/em><\/strong><\/p>\n<\/blockquote>\n\n\n\n<blockquote class=\"wp-block-quote is-layout-flow wp-block-quote-is-layout-flow\">\n<p>\u00ab\u00a0Nous avons pass\u00e9 une matin\u00e9e incroyable. Les r\u00e9sidents \u00e9taient gentils et enthousiastes. Ils ont des soucis et pourtant, ils sourient toujours. C&rsquo;est beau de les voir. On est tous contents de faire ce projet avec eux. On va leur apprendre des choses et ils nous en apprendront aussi\u00a0\u00bb. <\/p>\n\n\n\n<p><strong><em>Elsa, CM2<\/em><\/strong><\/p>\n<\/blockquote>\n\n\n\n<blockquote class=\"wp-block-quote is-layout-flow wp-block-quote-is-layout-flow\">\n<p>\u00ab Un \u00e9v\u00e9nement riche en rencontre, en partage et en \u00e9motions. Un projet qui v\u00e9hicule de belles valeurs citoyennes ! Nous nous donnons rendez vous en&nbsp; 2024 pour s&rsquo;initier \u00e0 certaines disciplines olympiques et paralympiques et \u00eatre pr\u00eats pour la c\u00e9r\u00e9monie d&rsquo;ouverture le vendredi 24 Mai 2024. \u00bb<\/p>\n\n\n\n<p><strong><em>Mme ESSEUL<\/em><\/strong>, chef de service EANM ECC et <strong><em>Mme Casanovas<\/em><\/strong>, Directrice de l\u2019Ecole Jules Verne<\/p>\n<\/blockquote>\n\n\n\n<p><\/p>\n","protected":false},"excerpt":{"rendered":"<p>avec la participation des R\u00e9sidents de l\u2019EANM Camille Claudel et des Enfants de l\u2019Ecole Jules Verne de Clermont l\u2019H\u00e9rault. &nbsp;\u00ab&nbsp;L\u2019\u00e9cole Jules-Verne, porteuse d\u2019un projet olympique et paralympique, organisait mardi 14 [&hellip;]<\/p>\n","protected":false},"author":1,"featured_media":522,"comment_status":"closed","ping_status":"closed","sticky":false,"template":"","format":"standard","meta":{"_EventAllDay":false,"_EventTimezone":"","_EventStartDate":"","_EventEndDate":"","_EventStartDateUTC":"","_EventEndDateUTC":"","_EventShowMap":false,"_EventShowMapLink":false,"_EventURL":"","_EventCost":"","_EventCostDescription":"","_EventCurrencySymbol":"","_EventCurrencyCode":"","_EventCurrencyPosition":"","_EventDateTimeSeparator":"","_EventTimeRangeSeparator":"","_EventOrganizerID":[],"_EventVenueID":[],"_OrganizerEmail":"","_OrganizerPhone":"","_OrganizerWebsite":"","_VenueAddress":"","_VenueCity":"","_VenueCountry":"","_VenueProvince":"","_VenueState":"","_VenueZip":"","_VenuePhone":"","_VenueURL":"","_VenueStateProvince":"","_VenueLat":"","_VenueLng":"","_VenueShowMap":false,"_VenueShowMapLink":false,"footnotes":""},"categories":[16],"tags":[],"class_list":["post-173","post","type-post","status-publish","format-standard","has-post-thumbnail","hentry","category-nos-evenements"],"yoast_head":"<!-- This site is optimized with the Yoast SEO plugin v25.0 - https:\/\/yoast.com\/wordpress\/plugins\/seo\/ -->\n<title>Projet Scol&#039;ympique - Blog du foyer de vie Camille Claudel<\/title>\n<meta name=\"robots\" content=\"index, follow, max-snippet:-1, max-image-preview:large, max-video-preview:-1\" \/>\n<link rel=\"canonical\" href=\"https:\/\/eccleblog.apsh34.org\/index.php\/2024\/05\/28\/scolympique\/\" \/>\n<meta property=\"og:locale\" content=\"fr_FR\" \/>\n<meta property=\"og:type\" content=\"article\" \/>\n<meta property=\"og:title\" content=\"Projet Scol&#039;ympique - Blog du foyer de vie Camille Claudel\" \/>\n<meta property=\"og:description\" content=\"avec la participation des R\u00e9sidents de l\u2019EANM Camille Claudel et des Enfants de l\u2019Ecole Jules Verne de Clermont l\u2019H\u00e9rault. &nbsp;\u00ab&nbsp;L\u2019\u00e9cole Jules-Verne, porteuse d\u2019un projet olympique et paralympique, organisait mardi 14 [&hellip;]\" \/>\n<meta property=\"og:url\" content=\"https:\/\/eccleblog.apsh34.org\/index.php\/2024\/05\/28\/scolympique\/\" \/>\n<meta property=\"og:site_name\" content=\"Blog du foyer de vie Camille Claudel\" \/>\n<meta property=\"article:publisher\" content=\"https:\/\/www.facebook.com\/apsh34\" \/>\n<meta property=\"article:published_time\" content=\"2024-05-28T08:45:00+00:00\" \/>\n<meta property=\"article:modified_time\" content=\"2025-04-30T13:32:08+00:00\" \/>\n<meta property=\"og:image\" content=\"https:\/\/eccleblog.apsh34.org\/wp-content\/uploads\/2025\/04\/Scolympique.jpg\" \/>\n\t<meta property=\"og:image:width\" content=\"688\" \/>\n\t<meta property=\"og:image:height\" content=\"835\" \/>\n\t<meta property=\"og:image:type\" content=\"image\/jpeg\" \/>\n<meta name=\"author\" content=\"Sofya\" \/>\n<meta name=\"twitter:card\" content=\"summary_large_image\" \/>\n<meta name=\"twitter:label1\" content=\"\u00c9crit par\" \/>\n\t<meta name=\"twitter:data1\" content=\"Sofya\" \/>\n\t<meta name=\"twitter:label2\" content=\"Dur\u00e9e de lecture estim\u00e9e\" \/>\n\t<meta name=\"twitter:data2\" content=\"1 minute\" \/>\n<script type=\"application\/ld+json\" class=\"yoast-schema-graph\">{\"@context\":\"https:\/\/schema.org\",\"@graph\":[{\"@type\":\"Article\",\"@id\":\"https:\/\/eccleblog.apsh34.org\/index.php\/2024\/05\/28\/scolympique\/#article\",\"isPartOf\":{\"@id\":\"https:\/\/eccleblog.apsh34.org\/index.php\/2024\/05\/28\/scolympique\/\"},\"author\":{\"name\":\"Sofya\",\"@id\":\"https:\/\/eccleblog.apsh34.org\/#\/schema\/person\/f6fb767e779cd7f8cebc492dcfb0c8be\"},\"headline\":\"Projet Scol&rsquo;ympique\",\"datePublished\":\"2024-05-28T08:45:00+00:00\",\"dateModified\":\"2025-04-30T13:32:08+00:00\",\"mainEntityOfPage\":{\"@id\":\"https:\/\/eccleblog.apsh34.org\/index.php\/2024\/05\/28\/scolympique\/\"},\"wordCount\":476,\"publisher\":{\"@id\":\"https:\/\/eccleblog.apsh34.org\/#organization\"},\"image\":{\"@id\":\"https:\/\/eccleblog.apsh34.org\/index.php\/2024\/05\/28\/scolympique\/#primaryimage\"},\"thumbnailUrl\":\"https:\/\/eccleblog.apsh34.org\/wp-content\/uploads\/2025\/04\/Scolympique.jpg\",\"articleSection\":[\"Actualit\u00e9s\"],\"inLanguage\":\"fr-FR\"},{\"@type\":\"WebPage\",\"@id\":\"https:\/\/eccleblog.apsh34.org\/index.php\/2024\/05\/28\/scolympique\/\",\"url\":\"https:\/\/eccleblog.apsh34.org\/index.php\/2024\/05\/28\/scolympique\/\",\"name\":\"Projet Scol'ympique - Blog du foyer de vie Camille Claudel\",\"isPartOf\":{\"@id\":\"https:\/\/eccleblog.apsh34.org\/#website\"},\"primaryImageOfPage\":{\"@id\":\"https:\/\/eccleblog.apsh34.org\/index.php\/2024\/05\/28\/scolympique\/#primaryimage\"},\"image\":{\"@id\":\"https:\/\/eccleblog.apsh34.org\/index.php\/2024\/05\/28\/scolympique\/#primaryimage\"},\"thumbnailUrl\":\"https:\/\/eccleblog.apsh34.org\/wp-content\/uploads\/2025\/04\/Scolympique.jpg\",\"datePublished\":\"2024-05-28T08:45:00+00:00\",\"dateModified\":\"2025-04-30T13:32:08+00:00\",\"breadcrumb\":{\"@id\":\"https:\/\/eccleblog.apsh34.org\/index.php\/2024\/05\/28\/scolympique\/#breadcrumb\"},\"inLanguage\":\"fr-FR\",\"potentialAction\":[{\"@type\":\"ReadAction\",\"target\":[\"https:\/\/eccleblog.apsh34.org\/index.php\/2024\/05\/28\/scolympique\/\"]}]},{\"@type\":\"ImageObject\",\"inLanguage\":\"fr-FR\",\"@id\":\"https:\/\/eccleblog.apsh34.org\/index.php\/2024\/05\/28\/scolympique\/#primaryimage\",\"url\":\"https:\/\/eccleblog.apsh34.org\/wp-content\/uploads\/2025\/04\/Scolympique.jpg\",\"contentUrl\":\"https:\/\/eccleblog.apsh34.org\/wp-content\/uploads\/2025\/04\/Scolympique.jpg\",\"width\":688,\"height\":835},{\"@type\":\"BreadcrumbList\",\"@id\":\"https:\/\/eccleblog.apsh34.org\/index.php\/2024\/05\/28\/scolympique\/#breadcrumb\",\"itemListElement\":[{\"@type\":\"ListItem\",\"position\":1,\"name\":\"Accueil\",\"item\":\"https:\/\/eccleblog.apsh34.org\/\"},{\"@type\":\"ListItem\",\"position\":2,\"name\":\"Projet Scol&rsquo;ympique\"}]},{\"@type\":\"WebSite\",\"@id\":\"https:\/\/eccleblog.apsh34.org\/#website\",\"url\":\"https:\/\/eccleblog.apsh34.org\/\",\"name\":\"Blog du foyer de vie Camille Claudel - APSH34\",\"description\":\"Les couleurs de nos vies\",\"publisher\":{\"@id\":\"https:\/\/eccleblog.apsh34.org\/#organization\"},\"potentialAction\":[{\"@type\":\"SearchAction\",\"target\":{\"@type\":\"EntryPoint\",\"urlTemplate\":\"https:\/\/eccleblog.apsh34.org\/?s={search_term_string}\"},\"query-input\":{\"@type\":\"PropertyValueSpecification\",\"valueRequired\":true,\"valueName\":\"search_term_string\"}}],\"inLanguage\":\"fr-FR\"},{\"@type\":\"Organization\",\"@id\":\"https:\/\/eccleblog.apsh34.org\/#organization\",\"name\":\"Blog du foyer de vie Camille Claudel - APSH34\",\"url\":\"https:\/\/eccleblog.apsh34.org\/\",\"logo\":{\"@type\":\"ImageObject\",\"inLanguage\":\"fr-FR\",\"@id\":\"https:\/\/eccleblog.apsh34.org\/#\/schema\/logo\/image\/\",\"url\":\"https:\/\/eccleblog.apsh34.org\/wp-content\/uploads\/2025\/01\/cropped-Icone-apsh-1.png\",\"contentUrl\":\"https:\/\/eccleblog.apsh34.org\/wp-content\/uploads\/2025\/01\/cropped-Icone-apsh-1.png\",\"width\":512,\"height\":512,\"caption\":\"Blog du foyer de vie Camille Claudel - APSH34\"},\"image\":{\"@id\":\"https:\/\/eccleblog.apsh34.org\/#\/schema\/logo\/image\/\"},\"sameAs\":[\"https:\/\/www.facebook.com\/apsh34\",\"https:\/\/www.linkedin.com\/company\/apsh34\/\",\"https:\/\/www.instagram.com\/apsh34_association\/\",\"https:\/\/www.youtube.com\/@apsh34\"]},{\"@type\":\"Person\",\"@id\":\"https:\/\/eccleblog.apsh34.org\/#\/schema\/person\/f6fb767e779cd7f8cebc492dcfb0c8be\",\"name\":\"Sofya\",\"image\":{\"@type\":\"ImageObject\",\"inLanguage\":\"fr-FR\",\"@id\":\"https:\/\/eccleblog.apsh34.org\/#\/schema\/person\/image\/\",\"url\":\"https:\/\/secure.gravatar.com\/avatar\/38f248e8976d46ef6ccb70cba6f8d069c98c0d0ed9f39d3c7f286dc8ccd97586?s=96&d=mm&r=g\",\"contentUrl\":\"https:\/\/secure.gravatar.com\/avatar\/38f248e8976d46ef6ccb70cba6f8d069c98c0d0ed9f39d3c7f286dc8ccd97586?s=96&d=mm&r=g\",\"caption\":\"Sofya\"},\"sameAs\":[\"http:\/\/vbixuwd.cluster100.hosting.ovh.net\"],\"url\":\"https:\/\/eccleblog.apsh34.org\/index.php\/author\/admin7778\/\"}]}<\/script>\n<!-- \/ Yoast SEO plugin. -->","yoast_head_json":{"title":"Projet Scol'ympique - Blog du foyer de vie Camille Claudel","robots":{"index":"index","follow":"follow","max-snippet":"max-snippet:-1","max-image-preview":"max-image-preview:large","max-video-preview":"max-video-preview:-1"},"canonical":"https:\/\/eccleblog.apsh34.org\/index.php\/2024\/05\/28\/scolympique\/","og_locale":"fr_FR","og_type":"article","og_title":"Projet Scol'ympique - Blog du foyer de vie Camille Claudel","og_description":"avec la participation des R\u00e9sidents de l\u2019EANM Camille Claudel et des Enfants de l\u2019Ecole Jules Verne de Clermont l\u2019H\u00e9rault. &nbsp;\u00ab&nbsp;L\u2019\u00e9cole Jules-Verne, porteuse d\u2019un projet olympique et paralympique, organisait mardi 14 [&hellip;]","og_url":"https:\/\/eccleblog.apsh34.org\/index.php\/2024\/05\/28\/scolympique\/","og_site_name":"Blog du foyer de vie Camille Claudel","article_publisher":"https:\/\/www.facebook.com\/apsh34","article_published_time":"2024-05-28T08:45:00+00:00","article_modified_time":"2025-04-30T13:32:08+00:00","og_image":[{"width":688,"height":835,"url":"https:\/\/eccleblog.apsh34.org\/wp-content\/uploads\/2025\/04\/Scolympique.jpg","type":"image\/jpeg"}],"author":"Sofya","twitter_card":"summary_large_image","twitter_misc":{"\u00c9crit par":"Sofya","Dur\u00e9e de lecture estim\u00e9e":"1 minute"},"schema":{"@context":"https:\/\/schema.org","@graph":[{"@type":"Article","@id":"https:\/\/eccleblog.apsh34.org\/index.php\/2024\/05\/28\/scolympique\/#article","isPartOf":{"@id":"https:\/\/eccleblog.apsh34.org\/index.php\/2024\/05\/28\/scolympique\/"},"author":{"name":"Sofya","@id":"https:\/\/eccleblog.apsh34.org\/#\/schema\/person\/f6fb767e779cd7f8cebc492dcfb0c8be"},"headline":"Projet Scol&rsquo;ympique","datePublished":"2024-05-28T08:45:00+00:00","dateModified":"2025-04-30T13:32:08+00:00","mainEntityOfPage":{"@id":"https:\/\/eccleblog.apsh34.org\/index.php\/2024\/05\/28\/scolympique\/"},"wordCount":476,"publisher":{"@id":"https:\/\/eccleblog.apsh34.org\/#organization"},"image":{"@id":"https:\/\/eccleblog.apsh34.org\/index.php\/2024\/05\/28\/scolympique\/#primaryimage"},"thumbnailUrl":"https:\/\/eccleblog.apsh34.org\/wp-content\/uploads\/2025\/04\/Scolympique.jpg","articleSection":["Actualit\u00e9s"],"inLanguage":"fr-FR"},{"@type":"WebPage","@id":"https:\/\/eccleblog.apsh34.org\/index.php\/2024\/05\/28\/scolympique\/","url":"https:\/\/eccleblog.apsh34.org\/index.php\/2024\/05\/28\/scolympique\/","name":"Projet Scol'ympique - Blog du foyer de vie Camille Claudel","isPartOf":{"@id":"https:\/\/eccleblog.apsh34.org\/#website"},"primaryImageOfPage":{"@id":"https:\/\/eccleblog.apsh34.org\/index.php\/2024\/05\/28\/scolympique\/#primaryimage"},"image":{"@id":"https:\/\/eccleblog.apsh34.org\/index.php\/2024\/05\/28\/scolympique\/#primaryimage"},"thumbnailUrl":"https:\/\/eccleblog.apsh34.org\/wp-content\/uploads\/2025\/04\/Scolympique.jpg","datePublished":"2024-05-28T08:45:00+00:00","dateModified":"2025-04-30T13:32:08+00:00","breadcrumb":{"@id":"https:\/\/eccleblog.apsh34.org\/index.php\/2024\/05\/28\/scolympique\/#breadcrumb"},"inLanguage":"fr-FR","potentialAction":[{"@type":"ReadAction","target":["https:\/\/eccleblog.apsh34.org\/index.php\/2024\/05\/28\/scolympique\/"]}]},{"@type":"ImageObject","inLanguage":"fr-FR","@id":"https:\/\/eccleblog.apsh34.org\/index.php\/2024\/05\/28\/scolympique\/#primaryimage","url":"https:\/\/eccleblog.apsh34.org\/wp-content\/uploads\/2025\/04\/Scolympique.jpg","contentUrl":"https:\/\/eccleblog.apsh34.org\/wp-content\/uploads\/2025\/04\/Scolympique.jpg","width":688,"height":835},{"@type":"BreadcrumbList","@id":"https:\/\/eccleblog.apsh34.org\/index.php\/2024\/05\/28\/scolympique\/#breadcrumb","itemListElement":[{"@type":"ListItem","position":1,"name":"Accueil","item":"https:\/\/eccleblog.apsh34.org\/"},{"@type":"ListItem","position":2,"name":"Projet Scol&rsquo;ympique"}]},{"@type":"WebSite","@id":"https:\/\/eccleblog.apsh34.org\/#website","url":"https:\/\/eccleblog.apsh34.org\/","name":"Blog du foyer de vie Camille Claudel - APSH34","description":"Les couleurs de nos vies","publisher":{"@id":"https:\/\/eccleblog.apsh34.org\/#organization"},"potentialAction":[{"@type":"SearchAction","target":{"@type":"EntryPoint","urlTemplate":"https:\/\/eccleblog.apsh34.org\/?s={search_term_string}"},"query-input":{"@type":"PropertyValueSpecification","valueRequired":true,"valueName":"search_term_string"}}],"inLanguage":"fr-FR"},{"@type":"Organization","@id":"https:\/\/eccleblog.apsh34.org\/#organization","name":"Blog du foyer de vie Camille Claudel - APSH34","url":"https:\/\/eccleblog.apsh34.org\/","logo":{"@type":"ImageObject","inLanguage":"fr-FR","@id":"https:\/\/eccleblog.apsh34.org\/#\/schema\/logo\/image\/","url":"https:\/\/eccleblog.apsh34.org\/wp-content\/uploads\/2025\/01\/cropped-Icone-apsh-1.png","contentUrl":"https:\/\/eccleblog.apsh34.org\/wp-content\/uploads\/2025\/01\/cropped-Icone-apsh-1.png","width":512,"height":512,"caption":"Blog du foyer de vie Camille Claudel - APSH34"},"image":{"@id":"https:\/\/eccleblog.apsh34.org\/#\/schema\/logo\/image\/"},"sameAs":["https:\/\/www.facebook.com\/apsh34","https:\/\/www.linkedin.com\/company\/apsh34\/","https:\/\/www.instagram.com\/apsh34_association\/","https:\/\/www.youtube.com\/@apsh34"]},{"@type":"Person","@id":"https:\/\/eccleblog.apsh34.org\/#\/schema\/person\/f6fb767e779cd7f8cebc492dcfb0c8be","name":"Sofya","image":{"@type":"ImageObject","inLanguage":"fr-FR","@id":"https:\/\/eccleblog.apsh34.org\/#\/schema\/person\/image\/","url":"https:\/\/secure.gravatar.com\/avatar\/38f248e8976d46ef6ccb70cba6f8d069c98c0d0ed9f39d3c7f286dc8ccd97586?s=96&d=mm&r=g","contentUrl":"https:\/\/secure.gravatar.com\/avatar\/38f248e8976d46ef6ccb70cba6f8d069c98c0d0ed9f39d3c7f286dc8ccd97586?s=96&d=mm&r=g","caption":"Sofya"},"sameAs":["http:\/\/vbixuwd.cluster100.hosting.ovh.net"],"url":"https:\/\/eccleblog.apsh34.org\/index.php\/author\/admin7778\/"}]}},"_links":{"self":[{"href":"https:\/\/eccleblog.apsh34.org\/index.php\/wp-json\/wp\/v2\/posts\/173","targetHints":{"allow":["GET"]}}],"collection":[{"href":"https:\/\/eccleblog.apsh34.org\/index.php\/wp-json\/wp\/v2\/posts"}],"about":[{"href":"https:\/\/eccleblog.apsh34.org\/index.php\/wp-json\/wp\/v2\/types\/post"}],"author":[{"embeddable":true,"href":"https:\/\/eccleblog.apsh34.org\/index.php\/wp-json\/wp\/v2\/users\/1"}],"replies":[{"embeddable":true,"href":"https:\/\/eccleblog.apsh34.org\/index.php\/wp-json\/wp\/v2\/comments?post=173"}],"version-history":[{"count":3,"href":"https:\/\/eccleblog.apsh34.org\/index.php\/wp-json\/wp\/v2\/posts\/173\/revisions"}],"predecessor-version":[{"id":523,"href":"https:\/\/eccleblog.apsh34.org\/index.php\/wp-json\/wp\/v2\/posts\/173\/revisions\/523"}],"wp:featuredmedia":[{"embeddable":true,"href":"https:\/\/eccleblog.apsh34.org\/index.php\/wp-json\/wp\/v2\/media\/522"}],"wp:attachment":[{"href":"https:\/\/eccleblog.apsh34.org\/index.php\/wp-json\/wp\/v2\/media?parent=173"}],"wp:term":[{"taxonomy":"category","embeddable":true,"href":"https:\/\/eccleblog.apsh34.org\/index.php\/wp-json\/wp\/v2\/categories?post=173"},{"taxonomy":"post_tag","embeddable":true,"href":"https:\/\/eccleblog.apsh34.org\/index.php\/wp-json\/wp\/v2\/tags?post=173"}],"curies":[{"name":"wp","href":"https:\/\/api.w.org\/{rel}","templated":true}]}}