{"id":462,"date":"2025-04-30T14:52:28","date_gmt":"2025-04-30T12:52:28","guid":{"rendered":"https:\/\/eccleblog.apsh34.org\/?p=462"},"modified":"2026-02-02T12:33:00","modified_gmt":"2026-02-02T11:33:00","slug":"atelier-randonnee","status":"publish","type":"post","link":"https:\/\/eccleblog.apsh34.org\/index.php\/2025\/04\/30\/atelier-randonnee\/","title":{"rendered":"Atelier Randonn\u00e9e"},"content":{"rendered":"\n<figure class=\"wp-block-image size-large\"><img loading=\"lazy\" decoding=\"async\" width=\"1024\" height=\"450\" src=\"https:\/\/eccleblog.apsh34.org\/wp-content\/uploads\/2025\/04\/UTF-81733911334022-1024x450.jpg\" alt=\"\" class=\"wp-image-491\" srcset=\"https:\/\/eccleblog.apsh34.org\/wp-content\/uploads\/2025\/04\/UTF-81733911334022-1024x450.jpg 1024w, https:\/\/eccleblog.apsh34.org\/wp-content\/uploads\/2025\/04\/UTF-81733911334022-300x132.jpg 300w, https:\/\/eccleblog.apsh34.org\/wp-content\/uploads\/2025\/04\/UTF-81733911334022-768x337.jpg 768w, https:\/\/eccleblog.apsh34.org\/wp-content\/uploads\/2025\/04\/UTF-81733911334022-1536x675.jpg 1536w, https:\/\/eccleblog.apsh34.org\/wp-content\/uploads\/2025\/04\/UTF-81733911334022-2048x900.jpg 2048w, https:\/\/eccleblog.apsh34.org\/wp-content\/uploads\/2025\/04\/UTF-81733911334022-1200x527.jpg 1200w\" sizes=\"auto, (max-width: 1024px) 100vw, 1024px\" \/><\/figure>\n\n\n\n<p>L\u2019activit\u00e9 randonn\u00e9e consiste \u00e0 r\u00e9aliser une marche ext\u00e9rieure en suivant un parcours d\u00e9fini \u00e0 l\u2019avance.<\/p>\n\n\n\n<p>Elle nous permet de nous maintenir en forme, de d\u00e9couvrir de nouveaux paysages et le patrimoine, de nous connecter \u00e0 la nature.<\/p>\n\n\n\n<p>Notre groupe de randonn\u00e9e est compos\u00e9 de 11 r\u00e9sidents.<\/p>\n\n\n\n<p>Ce sont Bernard et Marc Olivier, les 2 \u00e9ducateurs, qui animent cette activit\u00e9.<\/p>\n\n\n\n<p>Elle se d\u00e9roule le mercredi sur la journ\u00e9e.<\/p>\n\n\n\n<p>Nous nous \u00e9quipons du mat\u00e9riel n\u00e9cessaire (pantalon et chaussures de randonn\u00e9e, casquette, sac \u00e0 dos et gourde) puis nous pr\u00e9parons notre pique-nique avant le d\u00e9part.<\/p>\n\n\n\n<p>Nous r\u00e9alisons des marches de 10 \u00e0 15 kilom\u00e8tres en fonction du d\u00e9nivel\u00e9 avec un rythme adapt\u00e9 \u00e0 chacun.<\/p>\n\n\n\n<p>Il peut arriver qu\u2019il pleuve. Dans ce cas l\u00e0, nous pr\u00e9parons alors les futures randonn\u00e9es et r\u00e9alisons l\u2019entretien des sacs de pique-nique et des gourdes.<\/p>\n\n\n\n<p>Toutes nos randonn\u00e9es sont r\u00e9pertori\u00e9es dans un classeur : celles d\u00e9j\u00e0 faites et les autres parcours possibles. Gr\u00e2ce \u00e0 lui, nous avons pu d\u00e9finir le parcours du Focathlon qui se d\u00e9roule cette ann\u00e9e le MERCREDI 30 AVRIL \u00e0 NEBIAN (15e \u00e9dition).<\/p>\n\n\n\n<p><\/p>\n","protected":false},"excerpt":{"rendered":"<p>L\u2019activit\u00e9 randonn\u00e9e consiste \u00e0 r\u00e9aliser une marche ext\u00e9rieure en suivant un parcours d\u00e9fini \u00e0 l\u2019avance. Elle nous permet de nous maintenir en forme, de d\u00e9couvrir de nouveaux paysages et le [&hellip;]<\/p>\n","protected":false},"author":5,"featured_media":491,"comment_status":"closed","ping_status":"open","sticky":false,"template":"","format":"standard","meta":{"_EventAllDay":false,"_EventTimezone":"","_EventStartDate":"","_EventEndDate":"","_EventStartDateUTC":"","_EventEndDateUTC":"","_EventShowMap":false,"_EventShowMapLink":false,"_EventURL":"","_EventCost":"","_EventCostDescription":"","_EventCurrencySymbol":"","_EventCurrencyCode":"","_EventCurrencyPosition":"","_EventDateTimeSeparator":"","_EventTimeRangeSeparator":"","_EventOrganizerID":[],"_EventVenueID":[],"_OrganizerEmail":"","_OrganizerPhone":"","_OrganizerWebsite":"","_VenueAddress":"","_VenueCity":"","_VenueCountry":"","_VenueProvince":"","_VenueState":"","_VenueZip":"","_VenuePhone":"","_VenueURL":"","_VenueStateProvince":"","_VenueLat":"","_VenueLng":"","_VenueShowMap":false,"_VenueShowMapLink":false,"footnotes":""},"categories":[2],"tags":[],"class_list":["post-462","post","type-post","status-publish","format-standard","has-post-thumbnail","hentry","category-activites"],"yoast_head":"<!-- This site is optimized with the Yoast SEO plugin v25.0 - https:\/\/yoast.com\/wordpress\/plugins\/seo\/ -->\n<title>Atelier Randonn\u00e9e - Blog du foyer de vie Camille Claudel<\/title>\n<meta name=\"robots\" content=\"index, follow, max-snippet:-1, max-image-preview:large, max-video-preview:-1\" \/>\n<link rel=\"canonical\" href=\"https:\/\/eccleblog.apsh34.org\/index.php\/2025\/04\/30\/atelier-randonnee\/\" \/>\n<meta property=\"og:locale\" content=\"fr_FR\" \/>\n<meta property=\"og:type\" content=\"article\" \/>\n<meta property=\"og:title\" content=\"Atelier Randonn\u00e9e - Blog du foyer de vie Camille Claudel\" \/>\n<meta property=\"og:description\" content=\"L\u2019activit\u00e9 randonn\u00e9e consiste \u00e0 r\u00e9aliser une marche ext\u00e9rieure en suivant un parcours d\u00e9fini \u00e0 l\u2019avance. Elle nous permet de nous maintenir en forme, de d\u00e9couvrir de nouveaux paysages et le [&hellip;]\" \/>\n<meta property=\"og:url\" content=\"https:\/\/eccleblog.apsh34.org\/index.php\/2025\/04\/30\/atelier-randonnee\/\" \/>\n<meta property=\"og:site_name\" content=\"Blog du foyer de vie Camille Claudel\" \/>\n<meta property=\"article:publisher\" content=\"https:\/\/www.facebook.com\/apsh34\" \/>\n<meta property=\"article:published_time\" content=\"2025-04-30T12:52:28+00:00\" \/>\n<meta property=\"article:modified_time\" content=\"2026-02-02T11:33:00+00:00\" \/>\n<meta property=\"og:image\" content=\"https:\/\/eccleblog.apsh34.org\/wp-content\/uploads\/2025\/04\/UTF-81733911334022-scaled.jpg\" \/>\n\t<meta property=\"og:image:width\" content=\"2560\" \/>\n\t<meta property=\"og:image:height\" content=\"1124\" \/>\n\t<meta property=\"og:image:type\" content=\"image\/jpeg\" \/>\n<meta name=\"author\" content=\"S\u00e9verine Educ\" \/>\n<meta name=\"twitter:card\" content=\"summary_large_image\" \/>\n<meta name=\"twitter:label1\" content=\"\u00c9crit par\" \/>\n\t<meta name=\"twitter:data1\" content=\"S\u00e9verine Educ\" \/>\n\t<meta name=\"twitter:label2\" content=\"Dur\u00e9e de lecture estim\u00e9e\" \/>\n\t<meta name=\"twitter:data2\" content=\"2 minutes\" \/>\n<script type=\"application\/ld+json\" class=\"yoast-schema-graph\">{\"@context\":\"https:\/\/schema.org\",\"@graph\":[{\"@type\":\"Article\",\"@id\":\"https:\/\/eccleblog.apsh34.org\/index.php\/2025\/04\/30\/atelier-randonnee\/#article\",\"isPartOf\":{\"@id\":\"https:\/\/eccleblog.apsh34.org\/index.php\/2025\/04\/30\/atelier-randonnee\/\"},\"author\":{\"name\":\"S\u00e9verine Educ\",\"@id\":\"https:\/\/eccleblog.apsh34.org\/#\/schema\/person\/09c163a296b703843907a30a962c58ce\"},\"headline\":\"Atelier Randonn\u00e9e\",\"datePublished\":\"2025-04-30T12:52:28+00:00\",\"dateModified\":\"2026-02-02T11:33:00+00:00\",\"mainEntityOfPage\":{\"@id\":\"https:\/\/eccleblog.apsh34.org\/index.php\/2025\/04\/30\/atelier-randonnee\/\"},\"wordCount\":198,\"publisher\":{\"@id\":\"https:\/\/eccleblog.apsh34.org\/#organization\"},\"image\":{\"@id\":\"https:\/\/eccleblog.apsh34.org\/index.php\/2025\/04\/30\/atelier-randonnee\/#primaryimage\"},\"thumbnailUrl\":\"https:\/\/eccleblog.apsh34.org\/wp-content\/uploads\/2025\/04\/UTF-81733911334022-scaled.jpg\",\"articleSection\":[\"Nos activit\u00e9s\"],\"inLanguage\":\"fr-FR\"},{\"@type\":\"WebPage\",\"@id\":\"https:\/\/eccleblog.apsh34.org\/index.php\/2025\/04\/30\/atelier-randonnee\/\",\"url\":\"https:\/\/eccleblog.apsh34.org\/index.php\/2025\/04\/30\/atelier-randonnee\/\",\"name\":\"Atelier Randonn\u00e9e - Blog du foyer de vie Camille Claudel\",\"isPartOf\":{\"@id\":\"https:\/\/eccleblog.apsh34.org\/#website\"},\"primaryImageOfPage\":{\"@id\":\"https:\/\/eccleblog.apsh34.org\/index.php\/2025\/04\/30\/atelier-randonnee\/#primaryimage\"},\"image\":{\"@id\":\"https:\/\/eccleblog.apsh34.org\/index.php\/2025\/04\/30\/atelier-randonnee\/#primaryimage\"},\"thumbnailUrl\":\"https:\/\/eccleblog.apsh34.org\/wp-content\/uploads\/2025\/04\/UTF-81733911334022-scaled.jpg\",\"datePublished\":\"2025-04-30T12:52:28+00:00\",\"dateModified\":\"2026-02-02T11:33:00+00:00\",\"breadcrumb\":{\"@id\":\"https:\/\/eccleblog.apsh34.org\/index.php\/2025\/04\/30\/atelier-randonnee\/#breadcrumb\"},\"inLanguage\":\"fr-FR\",\"potentialAction\":[{\"@type\":\"ReadAction\",\"target\":[\"https:\/\/eccleblog.apsh34.org\/index.php\/2025\/04\/30\/atelier-randonnee\/\"]}]},{\"@type\":\"ImageObject\",\"inLanguage\":\"fr-FR\",\"@id\":\"https:\/\/eccleblog.apsh34.org\/index.php\/2025\/04\/30\/atelier-randonnee\/#primaryimage\",\"url\":\"https:\/\/eccleblog.apsh34.org\/wp-content\/uploads\/2025\/04\/UTF-81733911334022-scaled.jpg\",\"contentUrl\":\"https:\/\/eccleblog.apsh34.org\/wp-content\/uploads\/2025\/04\/UTF-81733911334022-scaled.jpg\",\"width\":2560,\"height\":1124},{\"@type\":\"BreadcrumbList\",\"@id\":\"https:\/\/eccleblog.apsh34.org\/index.php\/2025\/04\/30\/atelier-randonnee\/#breadcrumb\",\"itemListElement\":[{\"@type\":\"ListItem\",\"position\":1,\"name\":\"Accueil\",\"item\":\"https:\/\/eccleblog.apsh34.org\/\"},{\"@type\":\"ListItem\",\"position\":2,\"name\":\"Atelier Randonn\u00e9e\"}]},{\"@type\":\"WebSite\",\"@id\":\"https:\/\/eccleblog.apsh34.org\/#website\",\"url\":\"https:\/\/eccleblog.apsh34.org\/\",\"name\":\"Blog du foyer de vie Camille Claudel - APSH34\",\"description\":\"Les couleurs de nos vies\",\"publisher\":{\"@id\":\"https:\/\/eccleblog.apsh34.org\/#organization\"},\"potentialAction\":[{\"@type\":\"SearchAction\",\"target\":{\"@type\":\"EntryPoint\",\"urlTemplate\":\"https:\/\/eccleblog.apsh34.org\/?s={search_term_string}\"},\"query-input\":{\"@type\":\"PropertyValueSpecification\",\"valueRequired\":true,\"valueName\":\"search_term_string\"}}],\"inLanguage\":\"fr-FR\"},{\"@type\":\"Organization\",\"@id\":\"https:\/\/eccleblog.apsh34.org\/#organization\",\"name\":\"Blog du foyer de vie Camille Claudel - APSH34\",\"url\":\"https:\/\/eccleblog.apsh34.org\/\",\"logo\":{\"@type\":\"ImageObject\",\"inLanguage\":\"fr-FR\",\"@id\":\"https:\/\/eccleblog.apsh34.org\/#\/schema\/logo\/image\/\",\"url\":\"https:\/\/eccleblog.apsh34.org\/wp-content\/uploads\/2025\/01\/cropped-Icone-apsh-1.png\",\"contentUrl\":\"https:\/\/eccleblog.apsh34.org\/wp-content\/uploads\/2025\/01\/cropped-Icone-apsh-1.png\",\"width\":512,\"height\":512,\"caption\":\"Blog du foyer de vie Camille Claudel - APSH34\"},\"image\":{\"@id\":\"https:\/\/eccleblog.apsh34.org\/#\/schema\/logo\/image\/\"},\"sameAs\":[\"https:\/\/www.facebook.com\/apsh34\",\"https:\/\/www.linkedin.com\/company\/apsh34\/\",\"https:\/\/www.instagram.com\/apsh34_association\/\",\"https:\/\/www.youtube.com\/@apsh34\"]},{\"@type\":\"Person\",\"@id\":\"https:\/\/eccleblog.apsh34.org\/#\/schema\/person\/09c163a296b703843907a30a962c58ce\",\"name\":\"S\u00e9verine Educ\",\"image\":{\"@type\":\"ImageObject\",\"inLanguage\":\"fr-FR\",\"@id\":\"https:\/\/eccleblog.apsh34.org\/#\/schema\/person\/image\/\",\"url\":\"https:\/\/secure.gravatar.com\/avatar\/379b74d79db9166b61308c3e98568eac0829d68f38731414bbc6f3d08e9981b3?s=96&d=mm&r=g\",\"contentUrl\":\"https:\/\/secure.gravatar.com\/avatar\/379b74d79db9166b61308c3e98568eac0829d68f38731414bbc6f3d08e9981b3?s=96&d=mm&r=g\",\"caption\":\"S\u00e9verine Educ\"},\"url\":\"https:\/\/eccleblog.apsh34.org\/index.php\/author\/educato\/\"}]}<\/script>\n<!-- \/ Yoast SEO plugin. -->","yoast_head_json":{"title":"Atelier Randonn\u00e9e - Blog du foyer de vie Camille Claudel","robots":{"index":"index","follow":"follow","max-snippet":"max-snippet:-1","max-image-preview":"max-image-preview:large","max-video-preview":"max-video-preview:-1"},"canonical":"https:\/\/eccleblog.apsh34.org\/index.php\/2025\/04\/30\/atelier-randonnee\/","og_locale":"fr_FR","og_type":"article","og_title":"Atelier Randonn\u00e9e - Blog du foyer de vie Camille Claudel","og_description":"L\u2019activit\u00e9 randonn\u00e9e consiste \u00e0 r\u00e9aliser une marche ext\u00e9rieure en suivant un parcours d\u00e9fini \u00e0 l\u2019avance. Elle nous permet de nous maintenir en forme, de d\u00e9couvrir de nouveaux paysages et le [&hellip;]","og_url":"https:\/\/eccleblog.apsh34.org\/index.php\/2025\/04\/30\/atelier-randonnee\/","og_site_name":"Blog du foyer de vie Camille Claudel","article_publisher":"https:\/\/www.facebook.com\/apsh34","article_published_time":"2025-04-30T12:52:28+00:00","article_modified_time":"2026-02-02T11:33:00+00:00","og_image":[{"width":2560,"height":1124,"url":"https:\/\/eccleblog.apsh34.org\/wp-content\/uploads\/2025\/04\/UTF-81733911334022-scaled.jpg","type":"image\/jpeg"}],"author":"S\u00e9verine Educ","twitter_card":"summary_large_image","twitter_misc":{"\u00c9crit par":"S\u00e9verine Educ","Dur\u00e9e de lecture estim\u00e9e":"2 minutes"},"schema":{"@context":"https:\/\/schema.org","@graph":[{"@type":"Article","@id":"https:\/\/eccleblog.apsh34.org\/index.php\/2025\/04\/30\/atelier-randonnee\/#article","isPartOf":{"@id":"https:\/\/eccleblog.apsh34.org\/index.php\/2025\/04\/30\/atelier-randonnee\/"},"author":{"name":"S\u00e9verine Educ","@id":"https:\/\/eccleblog.apsh34.org\/#\/schema\/person\/09c163a296b703843907a30a962c58ce"},"headline":"Atelier Randonn\u00e9e","datePublished":"2025-04-30T12:52:28+00:00","dateModified":"2026-02-02T11:33:00+00:00","mainEntityOfPage":{"@id":"https:\/\/eccleblog.apsh34.org\/index.php\/2025\/04\/30\/atelier-randonnee\/"},"wordCount":198,"publisher":{"@id":"https:\/\/eccleblog.apsh34.org\/#organization"},"image":{"@id":"https:\/\/eccleblog.apsh34.org\/index.php\/2025\/04\/30\/atelier-randonnee\/#primaryimage"},"thumbnailUrl":"https:\/\/eccleblog.apsh34.org\/wp-content\/uploads\/2025\/04\/UTF-81733911334022-scaled.jpg","articleSection":["Nos activit\u00e9s"],"inLanguage":"fr-FR"},{"@type":"WebPage","@id":"https:\/\/eccleblog.apsh34.org\/index.php\/2025\/04\/30\/atelier-randonnee\/","url":"https:\/\/eccleblog.apsh34.org\/index.php\/2025\/04\/30\/atelier-randonnee\/","name":"Atelier Randonn\u00e9e - Blog du foyer de vie Camille Claudel","isPartOf":{"@id":"https:\/\/eccleblog.apsh34.org\/#website"},"primaryImageOfPage":{"@id":"https:\/\/eccleblog.apsh34.org\/index.php\/2025\/04\/30\/atelier-randonnee\/#primaryimage"},"image":{"@id":"https:\/\/eccleblog.apsh34.org\/index.php\/2025\/04\/30\/atelier-randonnee\/#primaryimage"},"thumbnailUrl":"https:\/\/eccleblog.apsh34.org\/wp-content\/uploads\/2025\/04\/UTF-81733911334022-scaled.jpg","datePublished":"2025-04-30T12:52:28+00:00","dateModified":"2026-02-02T11:33:00+00:00","breadcrumb":{"@id":"https:\/\/eccleblog.apsh34.org\/index.php\/2025\/04\/30\/atelier-randonnee\/#breadcrumb"},"inLanguage":"fr-FR","potentialAction":[{"@type":"ReadAction","target":["https:\/\/eccleblog.apsh34.org\/index.php\/2025\/04\/30\/atelier-randonnee\/"]}]},{"@type":"ImageObject","inLanguage":"fr-FR","@id":"https:\/\/eccleblog.apsh34.org\/index.php\/2025\/04\/30\/atelier-randonnee\/#primaryimage","url":"https:\/\/eccleblog.apsh34.org\/wp-content\/uploads\/2025\/04\/UTF-81733911334022-scaled.jpg","contentUrl":"https:\/\/eccleblog.apsh34.org\/wp-content\/uploads\/2025\/04\/UTF-81733911334022-scaled.jpg","width":2560,"height":1124},{"@type":"BreadcrumbList","@id":"https:\/\/eccleblog.apsh34.org\/index.php\/2025\/04\/30\/atelier-randonnee\/#breadcrumb","itemListElement":[{"@type":"ListItem","position":1,"name":"Accueil","item":"https:\/\/eccleblog.apsh34.org\/"},{"@type":"ListItem","position":2,"name":"Atelier Randonn\u00e9e"}]},{"@type":"WebSite","@id":"https:\/\/eccleblog.apsh34.org\/#website","url":"https:\/\/eccleblog.apsh34.org\/","name":"Blog du foyer de vie Camille Claudel - APSH34","description":"Les couleurs de nos vies","publisher":{"@id":"https:\/\/eccleblog.apsh34.org\/#organization"},"potentialAction":[{"@type":"SearchAction","target":{"@type":"EntryPoint","urlTemplate":"https:\/\/eccleblog.apsh34.org\/?s={search_term_string}"},"query-input":{"@type":"PropertyValueSpecification","valueRequired":true,"valueName":"search_term_string"}}],"inLanguage":"fr-FR"},{"@type":"Organization","@id":"https:\/\/eccleblog.apsh34.org\/#organization","name":"Blog du foyer de vie Camille Claudel - APSH34","url":"https:\/\/eccleblog.apsh34.org\/","logo":{"@type":"ImageObject","inLanguage":"fr-FR","@id":"https:\/\/eccleblog.apsh34.org\/#\/schema\/logo\/image\/","url":"https:\/\/eccleblog.apsh34.org\/wp-content\/uploads\/2025\/01\/cropped-Icone-apsh-1.png","contentUrl":"https:\/\/eccleblog.apsh34.org\/wp-content\/uploads\/2025\/01\/cropped-Icone-apsh-1.png","width":512,"height":512,"caption":"Blog du foyer de vie Camille Claudel - APSH34"},"image":{"@id":"https:\/\/eccleblog.apsh34.org\/#\/schema\/logo\/image\/"},"sameAs":["https:\/\/www.facebook.com\/apsh34","https:\/\/www.linkedin.com\/company\/apsh34\/","https:\/\/www.instagram.com\/apsh34_association\/","https:\/\/www.youtube.com\/@apsh34"]},{"@type":"Person","@id":"https:\/\/eccleblog.apsh34.org\/#\/schema\/person\/09c163a296b703843907a30a962c58ce","name":"S\u00e9verine Educ","image":{"@type":"ImageObject","inLanguage":"fr-FR","@id":"https:\/\/eccleblog.apsh34.org\/#\/schema\/person\/image\/","url":"https:\/\/secure.gravatar.com\/avatar\/379b74d79db9166b61308c3e98568eac0829d68f38731414bbc6f3d08e9981b3?s=96&d=mm&r=g","contentUrl":"https:\/\/secure.gravatar.com\/avatar\/379b74d79db9166b61308c3e98568eac0829d68f38731414bbc6f3d08e9981b3?s=96&d=mm&r=g","caption":"S\u00e9verine Educ"},"url":"https:\/\/eccleblog.apsh34.org\/index.php\/author\/educato\/"}]}},"_links":{"self":[{"href":"https:\/\/eccleblog.apsh34.org\/index.php\/wp-json\/wp\/v2\/posts\/462","targetHints":{"allow":["GET"]}}],"collection":[{"href":"https:\/\/eccleblog.apsh34.org\/index.php\/wp-json\/wp\/v2\/posts"}],"about":[{"href":"https:\/\/eccleblog.apsh34.org\/index.php\/wp-json\/wp\/v2\/types\/post"}],"author":[{"embeddable":true,"href":"https:\/\/eccleblog.apsh34.org\/index.php\/wp-json\/wp\/v2\/users\/5"}],"replies":[{"embeddable":true,"href":"https:\/\/eccleblog.apsh34.org\/index.php\/wp-json\/wp\/v2\/comments?post=462"}],"version-history":[{"count":6,"href":"https:\/\/eccleblog.apsh34.org\/index.php\/wp-json\/wp\/v2\/posts\/462\/revisions"}],"predecessor-version":[{"id":509,"href":"https:\/\/eccleblog.apsh34.org\/index.php\/wp-json\/wp\/v2\/posts\/462\/revisions\/509"}],"wp:featuredmedia":[{"embeddable":true,"href":"https:\/\/eccleblog.apsh34.org\/index.php\/wp-json\/wp\/v2\/media\/491"}],"wp:attachment":[{"href":"https:\/\/eccleblog.apsh34.org\/index.php\/wp-json\/wp\/v2\/media?parent=462"}],"wp:term":[{"taxonomy":"category","embeddable":true,"href":"https:\/\/eccleblog.apsh34.org\/index.php\/wp-json\/wp\/v2\/categories?post=462"},{"taxonomy":"post_tag","embeddable":true,"href":"https:\/\/eccleblog.apsh34.org\/index.php\/wp-json\/wp\/v2\/tags?post=462"}],"curies":[{"name":"wp","href":"https:\/\/api.w.org\/{rel}","templated":true}]}}