{"id":472,"date":"2025-04-30T15:04:23","date_gmt":"2025-04-30T13:04:23","guid":{"rendered":"https:\/\/eccleblog.apsh34.org\/?p=472"},"modified":"2026-02-02T12:30:50","modified_gmt":"2026-02-02T11:30:50","slug":"atelier-arts-plastiques","status":"publish","type":"post","link":"https:\/\/eccleblog.apsh34.org\/index.php\/2025\/04\/30\/atelier-arts-plastiques\/","title":{"rendered":"Atelier Arts plastiques"},"content":{"rendered":"\n<p>L\u2019activit\u00e9 Arts plastiques se d\u00e9roule le lundi apr\u00e8s-midi. C\u2019est S\u00e9verine qui l\u2019anime.<\/p>\n\n\n\n<p>C\u2019est une activit\u00e9 qui nous permet d\u2019exprimer librement notre cr\u00e9ativit\u00e9. Cela nous procure du bien-\u00eatre, de la d\u00e9tente et de la joie.<\/p>\n\n\n\n<p>Nous r\u00e9alisons des \u0153uvres individuelles ou en groupe : du dessin, des peintures \u00e0 l&rsquo;aquarelle, \u00e0 la gouache, des cr\u00e9ations en papier ou carton, des collages\u2026sur des th\u00e8mes libres ou propos\u00e9s, en lien avec les \u00e9v\u00e9nements du moment (Halloween, No\u00ebl, St valentin, etc.) et les besoins de groupe (d\u00e9cor pour d\u2019autres activit\u00e9s)<\/p>\n\n\n\n<p>Nous avons aussi r\u00e9alis\u00e9 des cartes de v\u0153ux pour garnir des colis de no\u00ebl du CCAS de Clermont l\u2019H\u00e9rault, destin\u00e9s \u00e0 des personnes d\u00e9favoris\u00e9es.<\/p>\n\n\n\n<p><\/p>\n","protected":false},"excerpt":{"rendered":"<p>L\u2019activit\u00e9 Arts plastiques se d\u00e9roule le lundi apr\u00e8s-midi. C\u2019est S\u00e9verine qui l\u2019anime. C\u2019est une activit\u00e9 qui nous permet d\u2019exprimer librement notre cr\u00e9ativit\u00e9. Cela nous procure du bien-\u00eatre, de la d\u00e9tente [&hellip;]<\/p>\n","protected":false},"author":5,"featured_media":606,"comment_status":"closed","ping_status":"open","sticky":false,"template":"","format":"standard","meta":{"_EventAllDay":false,"_EventTimezone":"","_EventStartDate":"","_EventEndDate":"","_EventStartDateUTC":"","_EventEndDateUTC":"","_EventShowMap":false,"_EventShowMapLink":false,"_EventURL":"","_EventCost":"","_EventCostDescription":"","_EventCurrencySymbol":"","_EventCurrencyCode":"","_EventCurrencyPosition":"","_EventDateTimeSeparator":"","_EventTimeRangeSeparator":"","_EventOrganizerID":[],"_EventVenueID":[],"_OrganizerEmail":"","_OrganizerPhone":"","_OrganizerWebsite":"","_VenueAddress":"","_VenueCity":"","_VenueCountry":"","_VenueProvince":"","_VenueState":"","_VenueZip":"","_VenuePhone":"","_VenueURL":"","_VenueStateProvince":"","_VenueLat":"","_VenueLng":"","_VenueShowMap":false,"_VenueShowMapLink":false,"footnotes":""},"categories":[2],"tags":[],"class_list":["post-472","post","type-post","status-publish","format-standard","has-post-thumbnail","hentry","category-activites"],"yoast_head":"<!-- This site is optimized with the Yoast SEO plugin v25.0 - https:\/\/yoast.com\/wordpress\/plugins\/seo\/ -->\n<title>Atelier Arts plastiques - Blog du foyer de vie Camille Claudel<\/title>\n<meta name=\"robots\" content=\"index, follow, max-snippet:-1, max-image-preview:large, max-video-preview:-1\" \/>\n<link rel=\"canonical\" href=\"https:\/\/eccleblog.apsh34.org\/index.php\/2025\/04\/30\/atelier-arts-plastiques\/\" \/>\n<meta property=\"og:locale\" content=\"fr_FR\" \/>\n<meta property=\"og:type\" content=\"article\" \/>\n<meta property=\"og:title\" content=\"Atelier Arts plastiques - Blog du foyer de vie Camille Claudel\" \/>\n<meta property=\"og:description\" content=\"L\u2019activit\u00e9 Arts plastiques se d\u00e9roule le lundi apr\u00e8s-midi. C\u2019est S\u00e9verine qui l\u2019anime. C\u2019est une activit\u00e9 qui nous permet d\u2019exprimer librement notre cr\u00e9ativit\u00e9. Cela nous procure du bien-\u00eatre, de la d\u00e9tente [&hellip;]\" \/>\n<meta property=\"og:url\" content=\"https:\/\/eccleblog.apsh34.org\/index.php\/2025\/04\/30\/atelier-arts-plastiques\/\" \/>\n<meta property=\"og:site_name\" content=\"Blog du foyer de vie Camille Claudel\" \/>\n<meta property=\"article:publisher\" content=\"https:\/\/www.facebook.com\/apsh34\" \/>\n<meta property=\"article:published_time\" content=\"2025-04-30T13:04:23+00:00\" \/>\n<meta property=\"article:modified_time\" content=\"2026-02-02T11:30:50+00:00\" \/>\n<meta property=\"og:image\" content=\"https:\/\/eccleblog.apsh34.org\/wp-content\/uploads\/2025\/04\/1000008691-scaled.jpg\" \/>\n\t<meta property=\"og:image:width\" content=\"1920\" \/>\n\t<meta property=\"og:image:height\" content=\"2560\" \/>\n\t<meta property=\"og:image:type\" content=\"image\/jpeg\" \/>\n<meta name=\"author\" content=\"S\u00e9verine Educ\" \/>\n<meta name=\"twitter:card\" content=\"summary_large_image\" \/>\n<meta name=\"twitter:label1\" content=\"\u00c9crit par\" \/>\n\t<meta name=\"twitter:data1\" content=\"S\u00e9verine Educ\" \/>\n\t<meta name=\"twitter:label2\" content=\"Dur\u00e9e de lecture estim\u00e9e\" \/>\n\t<meta name=\"twitter:data2\" content=\"1 minute\" \/>\n<script type=\"application\/ld+json\" class=\"yoast-schema-graph\">{\"@context\":\"https:\/\/schema.org\",\"@graph\":[{\"@type\":\"Article\",\"@id\":\"https:\/\/eccleblog.apsh34.org\/index.php\/2025\/04\/30\/atelier-arts-plastiques\/#article\",\"isPartOf\":{\"@id\":\"https:\/\/eccleblog.apsh34.org\/index.php\/2025\/04\/30\/atelier-arts-plastiques\/\"},\"author\":{\"name\":\"S\u00e9verine Educ\",\"@id\":\"https:\/\/eccleblog.apsh34.org\/#\/schema\/person\/09c163a296b703843907a30a962c58ce\"},\"headline\":\"Atelier Arts plastiques\",\"datePublished\":\"2025-04-30T13:04:23+00:00\",\"dateModified\":\"2026-02-02T11:30:50+00:00\",\"mainEntityOfPage\":{\"@id\":\"https:\/\/eccleblog.apsh34.org\/index.php\/2025\/04\/30\/atelier-arts-plastiques\/\"},\"wordCount\":139,\"publisher\":{\"@id\":\"https:\/\/eccleblog.apsh34.org\/#organization\"},\"image\":{\"@id\":\"https:\/\/eccleblog.apsh34.org\/index.php\/2025\/04\/30\/atelier-arts-plastiques\/#primaryimage\"},\"thumbnailUrl\":\"https:\/\/eccleblog.apsh34.org\/wp-content\/uploads\/2025\/04\/1000008691-scaled.jpg\",\"articleSection\":[\"Nos activit\u00e9s\"],\"inLanguage\":\"fr-FR\"},{\"@type\":\"WebPage\",\"@id\":\"https:\/\/eccleblog.apsh34.org\/index.php\/2025\/04\/30\/atelier-arts-plastiques\/\",\"url\":\"https:\/\/eccleblog.apsh34.org\/index.php\/2025\/04\/30\/atelier-arts-plastiques\/\",\"name\":\"Atelier Arts plastiques - Blog du foyer de vie Camille Claudel\",\"isPartOf\":{\"@id\":\"https:\/\/eccleblog.apsh34.org\/#website\"},\"primaryImageOfPage\":{\"@id\":\"https:\/\/eccleblog.apsh34.org\/index.php\/2025\/04\/30\/atelier-arts-plastiques\/#primaryimage\"},\"image\":{\"@id\":\"https:\/\/eccleblog.apsh34.org\/index.php\/2025\/04\/30\/atelier-arts-plastiques\/#primaryimage\"},\"thumbnailUrl\":\"https:\/\/eccleblog.apsh34.org\/wp-content\/uploads\/2025\/04\/1000008691-scaled.jpg\",\"datePublished\":\"2025-04-30T13:04:23+00:00\",\"dateModified\":\"2026-02-02T11:30:50+00:00\",\"breadcrumb\":{\"@id\":\"https:\/\/eccleblog.apsh34.org\/index.php\/2025\/04\/30\/atelier-arts-plastiques\/#breadcrumb\"},\"inLanguage\":\"fr-FR\",\"potentialAction\":[{\"@type\":\"ReadAction\",\"target\":[\"https:\/\/eccleblog.apsh34.org\/index.php\/2025\/04\/30\/atelier-arts-plastiques\/\"]}]},{\"@type\":\"ImageObject\",\"inLanguage\":\"fr-FR\",\"@id\":\"https:\/\/eccleblog.apsh34.org\/index.php\/2025\/04\/30\/atelier-arts-plastiques\/#primaryimage\",\"url\":\"https:\/\/eccleblog.apsh34.org\/wp-content\/uploads\/2025\/04\/1000008691-scaled.jpg\",\"contentUrl\":\"https:\/\/eccleblog.apsh34.org\/wp-content\/uploads\/2025\/04\/1000008691-scaled.jpg\",\"width\":1920,\"height\":2560},{\"@type\":\"BreadcrumbList\",\"@id\":\"https:\/\/eccleblog.apsh34.org\/index.php\/2025\/04\/30\/atelier-arts-plastiques\/#breadcrumb\",\"itemListElement\":[{\"@type\":\"ListItem\",\"position\":1,\"name\":\"Accueil\",\"item\":\"https:\/\/eccleblog.apsh34.org\/\"},{\"@type\":\"ListItem\",\"position\":2,\"name\":\"Atelier Arts plastiques\"}]},{\"@type\":\"WebSite\",\"@id\":\"https:\/\/eccleblog.apsh34.org\/#website\",\"url\":\"https:\/\/eccleblog.apsh34.org\/\",\"name\":\"Blog du foyer de vie Camille Claudel - APSH34\",\"description\":\"Les couleurs de nos vies\",\"publisher\":{\"@id\":\"https:\/\/eccleblog.apsh34.org\/#organization\"},\"potentialAction\":[{\"@type\":\"SearchAction\",\"target\":{\"@type\":\"EntryPoint\",\"urlTemplate\":\"https:\/\/eccleblog.apsh34.org\/?s={search_term_string}\"},\"query-input\":{\"@type\":\"PropertyValueSpecification\",\"valueRequired\":true,\"valueName\":\"search_term_string\"}}],\"inLanguage\":\"fr-FR\"},{\"@type\":\"Organization\",\"@id\":\"https:\/\/eccleblog.apsh34.org\/#organization\",\"name\":\"Blog du foyer de vie Camille Claudel - APSH34\",\"url\":\"https:\/\/eccleblog.apsh34.org\/\",\"logo\":{\"@type\":\"ImageObject\",\"inLanguage\":\"fr-FR\",\"@id\":\"https:\/\/eccleblog.apsh34.org\/#\/schema\/logo\/image\/\",\"url\":\"https:\/\/eccleblog.apsh34.org\/wp-content\/uploads\/2025\/01\/cropped-Icone-apsh-1.png\",\"contentUrl\":\"https:\/\/eccleblog.apsh34.org\/wp-content\/uploads\/2025\/01\/cropped-Icone-apsh-1.png\",\"width\":512,\"height\":512,\"caption\":\"Blog du foyer de vie Camille Claudel - APSH34\"},\"image\":{\"@id\":\"https:\/\/eccleblog.apsh34.org\/#\/schema\/logo\/image\/\"},\"sameAs\":[\"https:\/\/www.facebook.com\/apsh34\",\"https:\/\/www.linkedin.com\/company\/apsh34\/\",\"https:\/\/www.instagram.com\/apsh34_association\/\",\"https:\/\/www.youtube.com\/@apsh34\"]},{\"@type\":\"Person\",\"@id\":\"https:\/\/eccleblog.apsh34.org\/#\/schema\/person\/09c163a296b703843907a30a962c58ce\",\"name\":\"S\u00e9verine Educ\",\"image\":{\"@type\":\"ImageObject\",\"inLanguage\":\"fr-FR\",\"@id\":\"https:\/\/eccleblog.apsh34.org\/#\/schema\/person\/image\/\",\"url\":\"https:\/\/secure.gravatar.com\/avatar\/379b74d79db9166b61308c3e98568eac0829d68f38731414bbc6f3d08e9981b3?s=96&d=mm&r=g\",\"contentUrl\":\"https:\/\/secure.gravatar.com\/avatar\/379b74d79db9166b61308c3e98568eac0829d68f38731414bbc6f3d08e9981b3?s=96&d=mm&r=g\",\"caption\":\"S\u00e9verine Educ\"},\"url\":\"https:\/\/eccleblog.apsh34.org\/index.php\/author\/educato\/\"}]}<\/script>\n<!-- \/ Yoast SEO plugin. -->","yoast_head_json":{"title":"Atelier Arts plastiques - Blog du foyer de vie Camille Claudel","robots":{"index":"index","follow":"follow","max-snippet":"max-snippet:-1","max-image-preview":"max-image-preview:large","max-video-preview":"max-video-preview:-1"},"canonical":"https:\/\/eccleblog.apsh34.org\/index.php\/2025\/04\/30\/atelier-arts-plastiques\/","og_locale":"fr_FR","og_type":"article","og_title":"Atelier Arts plastiques - Blog du foyer de vie Camille Claudel","og_description":"L\u2019activit\u00e9 Arts plastiques se d\u00e9roule le lundi apr\u00e8s-midi. C\u2019est S\u00e9verine qui l\u2019anime. C\u2019est une activit\u00e9 qui nous permet d\u2019exprimer librement notre cr\u00e9ativit\u00e9. Cela nous procure du bien-\u00eatre, de la d\u00e9tente [&hellip;]","og_url":"https:\/\/eccleblog.apsh34.org\/index.php\/2025\/04\/30\/atelier-arts-plastiques\/","og_site_name":"Blog du foyer de vie Camille Claudel","article_publisher":"https:\/\/www.facebook.com\/apsh34","article_published_time":"2025-04-30T13:04:23+00:00","article_modified_time":"2026-02-02T11:30:50+00:00","og_image":[{"width":1920,"height":2560,"url":"https:\/\/eccleblog.apsh34.org\/wp-content\/uploads\/2025\/04\/1000008691-scaled.jpg","type":"image\/jpeg"}],"author":"S\u00e9verine Educ","twitter_card":"summary_large_image","twitter_misc":{"\u00c9crit par":"S\u00e9verine Educ","Dur\u00e9e de lecture estim\u00e9e":"1 minute"},"schema":{"@context":"https:\/\/schema.org","@graph":[{"@type":"Article","@id":"https:\/\/eccleblog.apsh34.org\/index.php\/2025\/04\/30\/atelier-arts-plastiques\/#article","isPartOf":{"@id":"https:\/\/eccleblog.apsh34.org\/index.php\/2025\/04\/30\/atelier-arts-plastiques\/"},"author":{"name":"S\u00e9verine Educ","@id":"https:\/\/eccleblog.apsh34.org\/#\/schema\/person\/09c163a296b703843907a30a962c58ce"},"headline":"Atelier Arts plastiques","datePublished":"2025-04-30T13:04:23+00:00","dateModified":"2026-02-02T11:30:50+00:00","mainEntityOfPage":{"@id":"https:\/\/eccleblog.apsh34.org\/index.php\/2025\/04\/30\/atelier-arts-plastiques\/"},"wordCount":139,"publisher":{"@id":"https:\/\/eccleblog.apsh34.org\/#organization"},"image":{"@id":"https:\/\/eccleblog.apsh34.org\/index.php\/2025\/04\/30\/atelier-arts-plastiques\/#primaryimage"},"thumbnailUrl":"https:\/\/eccleblog.apsh34.org\/wp-content\/uploads\/2025\/04\/1000008691-scaled.jpg","articleSection":["Nos activit\u00e9s"],"inLanguage":"fr-FR"},{"@type":"WebPage","@id":"https:\/\/eccleblog.apsh34.org\/index.php\/2025\/04\/30\/atelier-arts-plastiques\/","url":"https:\/\/eccleblog.apsh34.org\/index.php\/2025\/04\/30\/atelier-arts-plastiques\/","name":"Atelier Arts plastiques - Blog du foyer de vie Camille Claudel","isPartOf":{"@id":"https:\/\/eccleblog.apsh34.org\/#website"},"primaryImageOfPage":{"@id":"https:\/\/eccleblog.apsh34.org\/index.php\/2025\/04\/30\/atelier-arts-plastiques\/#primaryimage"},"image":{"@id":"https:\/\/eccleblog.apsh34.org\/index.php\/2025\/04\/30\/atelier-arts-plastiques\/#primaryimage"},"thumbnailUrl":"https:\/\/eccleblog.apsh34.org\/wp-content\/uploads\/2025\/04\/1000008691-scaled.jpg","datePublished":"2025-04-30T13:04:23+00:00","dateModified":"2026-02-02T11:30:50+00:00","breadcrumb":{"@id":"https:\/\/eccleblog.apsh34.org\/index.php\/2025\/04\/30\/atelier-arts-plastiques\/#breadcrumb"},"inLanguage":"fr-FR","potentialAction":[{"@type":"ReadAction","target":["https:\/\/eccleblog.apsh34.org\/index.php\/2025\/04\/30\/atelier-arts-plastiques\/"]}]},{"@type":"ImageObject","inLanguage":"fr-FR","@id":"https:\/\/eccleblog.apsh34.org\/index.php\/2025\/04\/30\/atelier-arts-plastiques\/#primaryimage","url":"https:\/\/eccleblog.apsh34.org\/wp-content\/uploads\/2025\/04\/1000008691-scaled.jpg","contentUrl":"https:\/\/eccleblog.apsh34.org\/wp-content\/uploads\/2025\/04\/1000008691-scaled.jpg","width":1920,"height":2560},{"@type":"BreadcrumbList","@id":"https:\/\/eccleblog.apsh34.org\/index.php\/2025\/04\/30\/atelier-arts-plastiques\/#breadcrumb","itemListElement":[{"@type":"ListItem","position":1,"name":"Accueil","item":"https:\/\/eccleblog.apsh34.org\/"},{"@type":"ListItem","position":2,"name":"Atelier Arts plastiques"}]},{"@type":"WebSite","@id":"https:\/\/eccleblog.apsh34.org\/#website","url":"https:\/\/eccleblog.apsh34.org\/","name":"Blog du foyer de vie Camille Claudel - APSH34","description":"Les couleurs de nos vies","publisher":{"@id":"https:\/\/eccleblog.apsh34.org\/#organization"},"potentialAction":[{"@type":"SearchAction","target":{"@type":"EntryPoint","urlTemplate":"https:\/\/eccleblog.apsh34.org\/?s={search_term_string}"},"query-input":{"@type":"PropertyValueSpecification","valueRequired":true,"valueName":"search_term_string"}}],"inLanguage":"fr-FR"},{"@type":"Organization","@id":"https:\/\/eccleblog.apsh34.org\/#organization","name":"Blog du foyer de vie Camille Claudel - APSH34","url":"https:\/\/eccleblog.apsh34.org\/","logo":{"@type":"ImageObject","inLanguage":"fr-FR","@id":"https:\/\/eccleblog.apsh34.org\/#\/schema\/logo\/image\/","url":"https:\/\/eccleblog.apsh34.org\/wp-content\/uploads\/2025\/01\/cropped-Icone-apsh-1.png","contentUrl":"https:\/\/eccleblog.apsh34.org\/wp-content\/uploads\/2025\/01\/cropped-Icone-apsh-1.png","width":512,"height":512,"caption":"Blog du foyer de vie Camille Claudel - APSH34"},"image":{"@id":"https:\/\/eccleblog.apsh34.org\/#\/schema\/logo\/image\/"},"sameAs":["https:\/\/www.facebook.com\/apsh34","https:\/\/www.linkedin.com\/company\/apsh34\/","https:\/\/www.instagram.com\/apsh34_association\/","https:\/\/www.youtube.com\/@apsh34"]},{"@type":"Person","@id":"https:\/\/eccleblog.apsh34.org\/#\/schema\/person\/09c163a296b703843907a30a962c58ce","name":"S\u00e9verine Educ","image":{"@type":"ImageObject","inLanguage":"fr-FR","@id":"https:\/\/eccleblog.apsh34.org\/#\/schema\/person\/image\/","url":"https:\/\/secure.gravatar.com\/avatar\/379b74d79db9166b61308c3e98568eac0829d68f38731414bbc6f3d08e9981b3?s=96&d=mm&r=g","contentUrl":"https:\/\/secure.gravatar.com\/avatar\/379b74d79db9166b61308c3e98568eac0829d68f38731414bbc6f3d08e9981b3?s=96&d=mm&r=g","caption":"S\u00e9verine Educ"},"url":"https:\/\/eccleblog.apsh34.org\/index.php\/author\/educato\/"}]}},"_links":{"self":[{"href":"https:\/\/eccleblog.apsh34.org\/index.php\/wp-json\/wp\/v2\/posts\/472","targetHints":{"allow":["GET"]}}],"collection":[{"href":"https:\/\/eccleblog.apsh34.org\/index.php\/wp-json\/wp\/v2\/posts"}],"about":[{"href":"https:\/\/eccleblog.apsh34.org\/index.php\/wp-json\/wp\/v2\/types\/post"}],"author":[{"embeddable":true,"href":"https:\/\/eccleblog.apsh34.org\/index.php\/wp-json\/wp\/v2\/users\/5"}],"replies":[{"embeddable":true,"href":"https:\/\/eccleblog.apsh34.org\/index.php\/wp-json\/wp\/v2\/comments?post=472"}],"version-history":[{"count":2,"href":"https:\/\/eccleblog.apsh34.org\/index.php\/wp-json\/wp\/v2\/posts\/472\/revisions"}],"predecessor-version":[{"id":519,"href":"https:\/\/eccleblog.apsh34.org\/index.php\/wp-json\/wp\/v2\/posts\/472\/revisions\/519"}],"wp:featuredmedia":[{"embeddable":true,"href":"https:\/\/eccleblog.apsh34.org\/index.php\/wp-json\/wp\/v2\/media\/606"}],"wp:attachment":[{"href":"https:\/\/eccleblog.apsh34.org\/index.php\/wp-json\/wp\/v2\/media?parent=472"}],"wp:term":[{"taxonomy":"category","embeddable":true,"href":"https:\/\/eccleblog.apsh34.org\/index.php\/wp-json\/wp\/v2\/categories?post=472"},{"taxonomy":"post_tag","embeddable":true,"href":"https:\/\/eccleblog.apsh34.org\/index.php\/wp-json\/wp\/v2\/tags?post=472"}],"curies":[{"name":"wp","href":"https:\/\/api.w.org\/{rel}","templated":true}]}}