{"id":482,"date":"2026-01-12T15:28:41","date_gmt":"2026-01-12T14:28:41","guid":{"rendered":"https:\/\/eccleblog.apsh34.org\/?p=482"},"modified":"2026-02-02T12:32:06","modified_gmt":"2026-02-02T11:32:06","slug":"world-clean-up-day","status":"publish","type":"post","link":"https:\/\/eccleblog.apsh34.org\/index.php\/2026\/01\/12\/world-clean-up-day\/","title":{"rendered":"World Clean Up Day"},"content":{"rendered":"\n<figure class=\"wp-block-image size-large is-resized\"><img loading=\"lazy\" decoding=\"async\" width=\"1024\" height=\"771\" src=\"https:\/\/eccleblog.apsh34.org\/wp-content\/uploads\/2025\/04\/1000007575-1024x771.jpg\" alt=\"\" class=\"wp-image-493\" style=\"width:919px;height:auto\" srcset=\"https:\/\/eccleblog.apsh34.org\/wp-content\/uploads\/2025\/04\/1000007575-1024x771.jpg 1024w, https:\/\/eccleblog.apsh34.org\/wp-content\/uploads\/2025\/04\/1000007575-300x226.jpg 300w, https:\/\/eccleblog.apsh34.org\/wp-content\/uploads\/2025\/04\/1000007575-768x578.jpg 768w, https:\/\/eccleblog.apsh34.org\/wp-content\/uploads\/2025\/04\/1000007575-400x300.jpg 400w, https:\/\/eccleblog.apsh34.org\/wp-content\/uploads\/2025\/04\/1000007575-200x150.jpg 200w, https:\/\/eccleblog.apsh34.org\/wp-content\/uploads\/2025\/04\/1000007575.jpg 1080w\" sizes=\"auto, (max-width: 1024px) 100vw, 1024px\" \/><\/figure>\n\n\n\n<p><\/p>\n\n\n\n<p class=\"has-vivid-green-cyan-color has-text-color has-link-color has-small-font-size wp-elements-c4da75e9ee23bb77f072fddc2e5a4339\">Le World Clean up Day \u2013 France vise \u00e0 mobiliser des millions de personnes sur tout le territoire fran\u00e7ais, de mani\u00e8re collaborative tout en informant sur l\u2019ampleur du probl\u00e8me de la pollution.<\/p>\n\n\n\n<p class=\"has-vivid-green-cyan-color has-text-color has-link-color has-small-font-size wp-elements-f446ebb4d4af2950c08db08c0f71d3ab\">Notre objectif est d\u2019une part, de sensibiliser le grand public \u00e0 l\u2019urgence de pr\u00e9server l\u2019environnement en encourageant des comportements \u00e9coresponsables.<\/p>\n\n\n\n<p class=\"has-vivid-green-cyan-color has-text-color has-link-color has-small-font-size wp-elements-63d329b17aff619663859afb59359877\">&nbsp;D\u2019autre part, en mobilisant les individus, nous aspirons \u00e0 changer les mentalit\u00e9s et les habitudes pour promouvoir un mode de vie plus durable et \u00e0 pr\u00e9server notre environnement.<\/p>\n\n\n\n<p class=\"has-ti-fg-color has-text-color has-link-color has-small-font-size wp-elements-98ddfa62858733b8af6bb1fbad052d8e\">A propos de mobiliser&nbsp;:<\/p>\n\n\n\n<p class=\"has-vivid-green-cyan-color has-text-color has-link-color has-small-font-size wp-elements-cf180c5d4c41f90a156c474d085081d1\">L\u2019association World Clean up Day \u2013 France a pour ambition folle de rassembler au moins 3,5 millions de Fran\u00e7ais sur des milliers de sites de collecte en France et les pays d\u2019OUTRE- MER.<\/p>\n\n\n\n<p class=\"has-vivid-green-cyan-color has-text-color has-link-color has-small-font-size wp-elements-663b2c07759ffbca114110a705ec9779\">Le r\u00f4le de l\u2019association \u00e9tant de promouvoir cette journ\u00e9e comme \u00e9tant festive, positive, p\u00e9dagogique, une mani\u00e8re de voir les choses diff\u00e9remment pour changer les comportements.<\/p>\n\n\n\n<p class=\"has-ti-fg-color has-text-color has-link-color has-small-font-size wp-elements-4dc4fe782c8f4f59cce51fde39af2334\">Pour informer la mission&nbsp;:<\/p>\n\n\n\n<p class=\"has-vivid-green-cyan-color has-text-color has-link-color has-small-font-size wp-elements-8c009c3717730221236d0b50c87a58ea\">La mission du World Clean up Day consiste aussi et surtout \u00e0 attirer l\u2019attention sur l\u2019augmentation des d\u00e9chets abandonn\u00e9s:<\/p>\n\n\n\n<p class=\"has-vivid-green-cyan-color has-text-color has-link-color has-small-font-size wp-elements-e9cee90a7dd9bb87d36bb45279f1b4e2\">On souhaite \u00e9veiller les consciences pour r\u00e9duire l\u2019impact environnemental de notre consommation.<\/p>\n\n\n\n<p class=\"has-ti-fg-color has-text-color has-link-color has-small-font-size wp-elements-79c6cc5afe138ff8bd6c1ab9172ddf09\">Pour pr\u00e9server&nbsp;:<\/p>\n\n\n\n<p class=\"has-vivid-green-cyan-color has-text-color has-link-color has-small-font-size wp-elements-a6a7e6cba98a3fa50ee8b85edf00495b\">Malgr\u00e9 les efforts entam\u00e9s ces derni\u00e8res ann\u00e9es, le volume des d\u00e9chets abandonn\u00e9s est croissant.<\/p>\n\n\n\n<p class=\"has-vivid-green-cyan-color has-text-color has-link-color has-small-font-size wp-elements-9251f04dcaa3c99d8dd743f02a2273bc\">D\u2019apr\u00e8s les estimations de Gestes Propres, chaque ann\u00e9e, un million de tonnes de d\u00e9chets sont abandonn\u00e9s dans la nature, l\u2019\u00e9quivalent de 100 Tours Eiffel.<\/p>\n\n\n\n<p class=\"has-vivid-green-cyan-color has-text-color has-link-color has-small-font-size wp-elements-dbba2fd4fc70a3c95b9d155ea3cbd02b\">&nbsp;Il y a urgence \u00e0 agir en modifiant nos comportements, \u00e9galement en produisant et en consommant diff\u00e9remment.<\/p>\n\n\n\n<p class=\"has-ti-fg-color has-text-color has-link-color has-small-font-size wp-elements-2776965d617a3f2af9fe89f3044005cc\">Le changement&nbsp;:<\/p>\n\n\n\n<p class=\"has-vivid-green-cyan-color has-text-color has-link-color has-small-font-size wp-elements-7e87cbff7ecbbf1d59a2d01e7bbeb477\">Nous sommes tous concern\u00e9s par la d\u00e9gradation de notre environnement nous invitons TOUS les acteurs : \u00e9coles, associations, entreprises, collectivit\u00e9s et citoyens \u00e0 agir en participant \u00e0 la Journ\u00e9e mondiale du nettoyage de notre plan\u00e8te, le 20 septembre de chaque ann\u00e9e.<a><\/a><\/p>\n\n\n\n<p class=\"has-ti-fg-color has-text-color has-link-color has-small-font-size wp-elements-3c0010511e24ca1ea382174d88661e19\">R\u00e9sum\u00e9\u00a0:<\/p>\n\n\n\n<p class=\"has-vivid-green-cyan-color has-text-color has-link-color has-small-font-size wp-elements-e644cce3a40057d6f52cf181d19f391f\">Depuis d\u00e9cembre 2023<strong>,&nbsp;<\/strong><strong>le 20 septembre est la journ\u00e9e officielle du nettoyage de la plan\u00e8te<\/strong>&nbsp;selon le calendrier de l&rsquo;ONU. Pourtant l&rsquo;association World Clean up Day se mobilise depuis 2008 pour nettoyer la plan\u00e8te. Une premi\u00e8re \u00e9dition en Estonie avait rassembl\u00e9 50 000 personnes, depuis, ce sont<strong>&nbsp;<\/strong><strong>191 pays et pr\u00e8s de 21 millions de personnes<\/strong>qui participent chaque ann\u00e9e.<\/p>\n\n\n\n<p class=\"has-vivid-green-cyan-color has-text-color has-link-color has-small-font-size wp-elements-bfa032712022f6e8b90f02b49987592a\">Face au fl\u00e9au que repr\u00e9sente l&rsquo;omnipr\u00e9sence de d\u00e9chets dans notre environnement, l&rsquo;organisation a besoin du plus de monde possible pour tenter de rendre nos villes, campagnes et plages plus propres. L&rsquo;\u00e9dition pr\u00e9c\u00e9dente avait r\u00e9uni pr\u00e8s de\u00a0<strong>150 000 personnes en France<\/strong> pour une r\u00e9colte de\u00a0<strong>990 tonnes de d\u00e9chets<\/strong>, parmi lesquels <strong>10 millions de m\u00e9gots<\/strong>, \u00e9pargnant ainsi de toute pollution 5 millions de m\u00e8tres cubes d&rsquo;eau.<\/p>\n\n\n\n<p>Le mercredi 18 septembre 2024, nous avons particip\u00e9 \u00e0 cette action. Nous sommes descendus \u00e9quip\u00e9s de tee-shirts, de sacs poubelles et de gants aux abords du Rhonel. Nous avions r\u00e9colt\u00e9 66 kg de d\u00e9chets et 12 kg d\u2019encombrants.<\/p>\n\n\n\n<p>Nous sommes sensibles \u00e0 respecter l&rsquo;environnement et avons appr\u00e9ci\u00e9 participer \u00e0 cette action citoyenne. Nous avons m\u00eame \u00e9t\u00e9 interview\u00e9s par France 3 et sommes pass\u00e9s aux informations r\u00e9gionales !<\/p>\n\n\n\n<p> Comme l\u2019ann\u00e9e derni\u00e8re, l\u2019E.A.N.M Camille Claudel a particip\u00e9 au World Clean Up Day, le mercredi 18 septembre 2025.<\/p>\n\n\n\n<p>Cette ann\u00e9e nous avons r\u00e9colt\u00e9 34 kg de d\u00e9chets, nous sommes fiers d&rsquo;avoir \u00e0 nouveau participer \u00e0 cette journ\u00e9e pour l&rsquo;environnement.<\/p>\n\n\n\n<p><\/p>\n\n\n\n<p><\/p>\n\n\n\n<p class=\"has-text-align-center\">Quelques r\u00e9sidents (Solenne, Alexandre H, Marine, Mathieu, Camille et R\u00e9mi)<\/p>\n\n\n\n<p class=\"has-text-align-center\">&nbsp;ont \u00e9t\u00e9 sollicit\u00e9 pour r\u00e9pondre \u00e0 un questionnaire.<\/p>\n\n\n\n<ol class=\"wp-block-list\">\n<li><em><u>Qu\u2019est que vous avez fait\u00a0?<\/u><\/em><\/li>\n<\/ol>\n\n\n\n<p><em>On a ramass\u00e9 des d\u00e9chets&nbsp;:<\/em><\/p>\n\n\n\n<p><em>Des papiers, du plastique, du verre et des canettes.<\/em><\/p>\n\n\n\n<ul class=\"wp-block-list\">\n<li><em><u>O\u00f9 est que vous \u00eates allez\u00a0?<\/u><\/em><\/li>\n<\/ul>\n\n\n\n<p><em>Dans le quartier de Camille Claudel, du Fontenay et du City \u2018aux alentours de l\u2019\u00e9tablissement).<\/em><\/p>\n\n\n\n<ul class=\"wp-block-list\">\n<li><em><u>Vous \u00eates allez avec qui\u00a0?<\/u><\/em><\/li>\n<\/ul>\n\n\n\n<p><em>Marco, Bernard et Isma\u00ebl<\/em><\/p>\n\n\n\n<p><em>Stephen et Mathieu nous a accompagn\u00e9<\/em><\/p>\n\n\n\n<ul class=\"wp-block-list\">\n<li><em><u>Comment vous avez ramasser les d\u00e9chets\u00a0? Avec quel mat\u00e9riel\u00a0?<\/u><\/em><\/li>\n<\/ul>\n\n\n\n<p><em>Avec des gants et des sacs plastique<\/em><\/p>\n\n\n\n<ul class=\"wp-block-list\">\n<li><em><u>Est que les d\u00e9chets \u00e9taient en m\u00eame endroit\u00a0?<\/u><\/em><\/li>\n<\/ul>\n\n\n\n<p><em>Non, un peu partout.<\/em><\/p>\n\n\n\n<ul class=\"wp-block-list\">\n<li><em><u>Combien y a eu de poids de d\u00e9chets\u00a0?<\/u><\/em><\/li>\n<\/ul>\n\n\n\n<p><em>&nbsp;&nbsp;&nbsp;&nbsp;&nbsp; 34 kg<\/em><\/p>\n\n\n\n<ul class=\"wp-block-list\">\n<li><em><u>Est que \u00e7a vous a plu\u00a0?<\/u><\/em><\/li>\n<\/ul>\n\n\n\n<p><em>Oui<\/em><\/p>\n\n\n\n<ul class=\"wp-block-list\">\n<li><em><u>E<\/u><\/em><em>st que l\u2019ann\u00e9e prochaine vous voulez recommencer\u00a0?\u00a0<\/em><\/li>\n<\/ul>\n\n\n\n<p><em>Oui<\/em><\/p>\n\n\n\n<p class=\"has-text-align-right\">Article \u00e9crit par Quintilien et Steven<\/p>\n\n\n\n<p class=\"has-text-align-right\">Septembre 2025.<\/p>\n\n\n\n<p><\/p>\n","protected":false},"excerpt":{"rendered":"<p>Le World Clean up Day \u2013 France vise \u00e0 mobiliser des millions de personnes sur tout le territoire fran\u00e7ais, de mani\u00e8re collaborative tout en informant sur l\u2019ampleur du probl\u00e8me de [&hellip;]<\/p>\n","protected":false},"author":5,"featured_media":715,"comment_status":"closed","ping_status":"open","sticky":false,"template":"","format":"standard","meta":{"_EventAllDay":false,"_EventTimezone":"","_EventStartDate":"","_EventEndDate":"","_EventStartDateUTC":"","_EventEndDateUTC":"","_EventShowMap":false,"_EventShowMapLink":false,"_EventURL":"","_EventCost":"","_EventCostDescription":"","_EventCurrencySymbol":"","_EventCurrencyCode":"","_EventCurrencyPosition":"","_EventDateTimeSeparator":"","_EventTimeRangeSeparator":"","_EventOrganizerID":[],"_EventVenueID":[],"_OrganizerEmail":"","_OrganizerPhone":"","_OrganizerWebsite":"","_VenueAddress":"","_VenueCity":"","_VenueCountry":"","_VenueProvince":"","_VenueState":"","_VenueZip":"","_VenuePhone":"","_VenueURL":"","_VenueStateProvince":"","_VenueLat":"","_VenueLng":"","_VenueShowMap":false,"_VenueShowMapLink":false,"footnotes":""},"categories":[16],"tags":[],"class_list":["post-482","post","type-post","status-publish","format-standard","has-post-thumbnail","hentry","category-nos-evenements"],"yoast_head":"<!-- This site is optimized with the Yoast SEO plugin v25.0 - https:\/\/yoast.com\/wordpress\/plugins\/seo\/ -->\n<title>World Clean Up Day - Blog du foyer de vie Camille Claudel<\/title>\n<meta name=\"robots\" content=\"index, follow, max-snippet:-1, max-image-preview:large, max-video-preview:-1\" \/>\n<link rel=\"canonical\" href=\"https:\/\/eccleblog.apsh34.org\/index.php\/2026\/01\/12\/world-clean-up-day\/\" \/>\n<meta property=\"og:locale\" content=\"fr_FR\" \/>\n<meta property=\"og:type\" content=\"article\" \/>\n<meta property=\"og:title\" content=\"World Clean Up Day - Blog du foyer de vie Camille Claudel\" \/>\n<meta property=\"og:description\" content=\"Le World Clean up Day \u2013 France vise \u00e0 mobiliser des millions de personnes sur tout le territoire fran\u00e7ais, de mani\u00e8re collaborative tout en informant sur l\u2019ampleur du probl\u00e8me de [&hellip;]\" \/>\n<meta property=\"og:url\" content=\"https:\/\/eccleblog.apsh34.org\/index.php\/2026\/01\/12\/world-clean-up-day\/\" \/>\n<meta property=\"og:site_name\" content=\"Blog du foyer de vie Camille Claudel\" \/>\n<meta property=\"article:publisher\" content=\"https:\/\/www.facebook.com\/apsh34\" \/>\n<meta property=\"article:published_time\" content=\"2026-01-12T14:28:41+00:00\" \/>\n<meta property=\"article:modified_time\" content=\"2026-02-02T11:32:06+00:00\" \/>\n<meta property=\"og:image\" content=\"https:\/\/eccleblog.apsh34.org\/wp-content\/uploads\/2026\/01\/A.png\" \/>\n\t<meta property=\"og:image:width\" content=\"389\" \/>\n\t<meta property=\"og:image:height\" content=\"130\" \/>\n\t<meta property=\"og:image:type\" content=\"image\/png\" \/>\n<meta name=\"author\" content=\"S\u00e9verine Educ\" \/>\n<meta name=\"twitter:card\" content=\"summary_large_image\" \/>\n<meta name=\"twitter:label1\" content=\"\u00c9crit par\" \/>\n\t<meta name=\"twitter:data1\" content=\"S\u00e9verine Educ\" \/>\n\t<meta name=\"twitter:label2\" content=\"Dur\u00e9e de lecture estim\u00e9e\" \/>\n\t<meta name=\"twitter:data2\" content=\"4 minutes\" \/>\n<script type=\"application\/ld+json\" class=\"yoast-schema-graph\">{\"@context\":\"https:\/\/schema.org\",\"@graph\":[{\"@type\":\"Article\",\"@id\":\"https:\/\/eccleblog.apsh34.org\/index.php\/2026\/01\/12\/world-clean-up-day\/#article\",\"isPartOf\":{\"@id\":\"https:\/\/eccleblog.apsh34.org\/index.php\/2026\/01\/12\/world-clean-up-day\/\"},\"author\":{\"name\":\"S\u00e9verine Educ\",\"@id\":\"https:\/\/eccleblog.apsh34.org\/#\/schema\/person\/09c163a296b703843907a30a962c58ce\"},\"headline\":\"World Clean Up Day\",\"datePublished\":\"2026-01-12T14:28:41+00:00\",\"dateModified\":\"2026-02-02T11:32:06+00:00\",\"mainEntityOfPage\":{\"@id\":\"https:\/\/eccleblog.apsh34.org\/index.php\/2026\/01\/12\/world-clean-up-day\/\"},\"wordCount\":729,\"publisher\":{\"@id\":\"https:\/\/eccleblog.apsh34.org\/#organization\"},\"image\":{\"@id\":\"https:\/\/eccleblog.apsh34.org\/index.php\/2026\/01\/12\/world-clean-up-day\/#primaryimage\"},\"thumbnailUrl\":\"https:\/\/eccleblog.apsh34.org\/wp-content\/uploads\/2026\/01\/A.png\",\"articleSection\":[\"Actualit\u00e9s\"],\"inLanguage\":\"fr-FR\"},{\"@type\":\"WebPage\",\"@id\":\"https:\/\/eccleblog.apsh34.org\/index.php\/2026\/01\/12\/world-clean-up-day\/\",\"url\":\"https:\/\/eccleblog.apsh34.org\/index.php\/2026\/01\/12\/world-clean-up-day\/\",\"name\":\"World Clean Up Day - Blog du foyer de vie Camille Claudel\",\"isPartOf\":{\"@id\":\"https:\/\/eccleblog.apsh34.org\/#website\"},\"primaryImageOfPage\":{\"@id\":\"https:\/\/eccleblog.apsh34.org\/index.php\/2026\/01\/12\/world-clean-up-day\/#primaryimage\"},\"image\":{\"@id\":\"https:\/\/eccleblog.apsh34.org\/index.php\/2026\/01\/12\/world-clean-up-day\/#primaryimage\"},\"thumbnailUrl\":\"https:\/\/eccleblog.apsh34.org\/wp-content\/uploads\/2026\/01\/A.png\",\"datePublished\":\"2026-01-12T14:28:41+00:00\",\"dateModified\":\"2026-02-02T11:32:06+00:00\",\"breadcrumb\":{\"@id\":\"https:\/\/eccleblog.apsh34.org\/index.php\/2026\/01\/12\/world-clean-up-day\/#breadcrumb\"},\"inLanguage\":\"fr-FR\",\"potentialAction\":[{\"@type\":\"ReadAction\",\"target\":[\"https:\/\/eccleblog.apsh34.org\/index.php\/2026\/01\/12\/world-clean-up-day\/\"]}]},{\"@type\":\"ImageObject\",\"inLanguage\":\"fr-FR\",\"@id\":\"https:\/\/eccleblog.apsh34.org\/index.php\/2026\/01\/12\/world-clean-up-day\/#primaryimage\",\"url\":\"https:\/\/eccleblog.apsh34.org\/wp-content\/uploads\/2026\/01\/A.png\",\"contentUrl\":\"https:\/\/eccleblog.apsh34.org\/wp-content\/uploads\/2026\/01\/A.png\",\"width\":389,\"height\":130},{\"@type\":\"BreadcrumbList\",\"@id\":\"https:\/\/eccleblog.apsh34.org\/index.php\/2026\/01\/12\/world-clean-up-day\/#breadcrumb\",\"itemListElement\":[{\"@type\":\"ListItem\",\"position\":1,\"name\":\"Accueil\",\"item\":\"https:\/\/eccleblog.apsh34.org\/\"},{\"@type\":\"ListItem\",\"position\":2,\"name\":\"World Clean Up Day\"}]},{\"@type\":\"WebSite\",\"@id\":\"https:\/\/eccleblog.apsh34.org\/#website\",\"url\":\"https:\/\/eccleblog.apsh34.org\/\",\"name\":\"Blog du foyer de vie Camille Claudel - APSH34\",\"description\":\"Les couleurs de nos vies\",\"publisher\":{\"@id\":\"https:\/\/eccleblog.apsh34.org\/#organization\"},\"potentialAction\":[{\"@type\":\"SearchAction\",\"target\":{\"@type\":\"EntryPoint\",\"urlTemplate\":\"https:\/\/eccleblog.apsh34.org\/?s={search_term_string}\"},\"query-input\":{\"@type\":\"PropertyValueSpecification\",\"valueRequired\":true,\"valueName\":\"search_term_string\"}}],\"inLanguage\":\"fr-FR\"},{\"@type\":\"Organization\",\"@id\":\"https:\/\/eccleblog.apsh34.org\/#organization\",\"name\":\"Blog du foyer de vie Camille Claudel - APSH34\",\"url\":\"https:\/\/eccleblog.apsh34.org\/\",\"logo\":{\"@type\":\"ImageObject\",\"inLanguage\":\"fr-FR\",\"@id\":\"https:\/\/eccleblog.apsh34.org\/#\/schema\/logo\/image\/\",\"url\":\"https:\/\/eccleblog.apsh34.org\/wp-content\/uploads\/2025\/01\/cropped-Icone-apsh-1.png\",\"contentUrl\":\"https:\/\/eccleblog.apsh34.org\/wp-content\/uploads\/2025\/01\/cropped-Icone-apsh-1.png\",\"width\":512,\"height\":512,\"caption\":\"Blog du foyer de vie Camille Claudel - APSH34\"},\"image\":{\"@id\":\"https:\/\/eccleblog.apsh34.org\/#\/schema\/logo\/image\/\"},\"sameAs\":[\"https:\/\/www.facebook.com\/apsh34\",\"https:\/\/www.linkedin.com\/company\/apsh34\/\",\"https:\/\/www.instagram.com\/apsh34_association\/\",\"https:\/\/www.youtube.com\/@apsh34\"]},{\"@type\":\"Person\",\"@id\":\"https:\/\/eccleblog.apsh34.org\/#\/schema\/person\/09c163a296b703843907a30a962c58ce\",\"name\":\"S\u00e9verine Educ\",\"image\":{\"@type\":\"ImageObject\",\"inLanguage\":\"fr-FR\",\"@id\":\"https:\/\/eccleblog.apsh34.org\/#\/schema\/person\/image\/\",\"url\":\"https:\/\/secure.gravatar.com\/avatar\/379b74d79db9166b61308c3e98568eac0829d68f38731414bbc6f3d08e9981b3?s=96&d=mm&r=g\",\"contentUrl\":\"https:\/\/secure.gravatar.com\/avatar\/379b74d79db9166b61308c3e98568eac0829d68f38731414bbc6f3d08e9981b3?s=96&d=mm&r=g\",\"caption\":\"S\u00e9verine Educ\"},\"url\":\"https:\/\/eccleblog.apsh34.org\/index.php\/author\/educato\/\"}]}<\/script>\n<!-- \/ Yoast SEO plugin. -->","yoast_head_json":{"title":"World Clean Up Day - Blog du foyer de vie Camille Claudel","robots":{"index":"index","follow":"follow","max-snippet":"max-snippet:-1","max-image-preview":"max-image-preview:large","max-video-preview":"max-video-preview:-1"},"canonical":"https:\/\/eccleblog.apsh34.org\/index.php\/2026\/01\/12\/world-clean-up-day\/","og_locale":"fr_FR","og_type":"article","og_title":"World Clean Up Day - Blog du foyer de vie Camille Claudel","og_description":"Le World Clean up Day \u2013 France vise \u00e0 mobiliser des millions de personnes sur tout le territoire fran\u00e7ais, de mani\u00e8re collaborative tout en informant sur l\u2019ampleur du probl\u00e8me de [&hellip;]","og_url":"https:\/\/eccleblog.apsh34.org\/index.php\/2026\/01\/12\/world-clean-up-day\/","og_site_name":"Blog du foyer de vie Camille Claudel","article_publisher":"https:\/\/www.facebook.com\/apsh34","article_published_time":"2026-01-12T14:28:41+00:00","article_modified_time":"2026-02-02T11:32:06+00:00","og_image":[{"width":389,"height":130,"url":"https:\/\/eccleblog.apsh34.org\/wp-content\/uploads\/2026\/01\/A.png","type":"image\/png"}],"author":"S\u00e9verine Educ","twitter_card":"summary_large_image","twitter_misc":{"\u00c9crit par":"S\u00e9verine Educ","Dur\u00e9e de lecture estim\u00e9e":"4 minutes"},"schema":{"@context":"https:\/\/schema.org","@graph":[{"@type":"Article","@id":"https:\/\/eccleblog.apsh34.org\/index.php\/2026\/01\/12\/world-clean-up-day\/#article","isPartOf":{"@id":"https:\/\/eccleblog.apsh34.org\/index.php\/2026\/01\/12\/world-clean-up-day\/"},"author":{"name":"S\u00e9verine Educ","@id":"https:\/\/eccleblog.apsh34.org\/#\/schema\/person\/09c163a296b703843907a30a962c58ce"},"headline":"World Clean Up Day","datePublished":"2026-01-12T14:28:41+00:00","dateModified":"2026-02-02T11:32:06+00:00","mainEntityOfPage":{"@id":"https:\/\/eccleblog.apsh34.org\/index.php\/2026\/01\/12\/world-clean-up-day\/"},"wordCount":729,"publisher":{"@id":"https:\/\/eccleblog.apsh34.org\/#organization"},"image":{"@id":"https:\/\/eccleblog.apsh34.org\/index.php\/2026\/01\/12\/world-clean-up-day\/#primaryimage"},"thumbnailUrl":"https:\/\/eccleblog.apsh34.org\/wp-content\/uploads\/2026\/01\/A.png","articleSection":["Actualit\u00e9s"],"inLanguage":"fr-FR"},{"@type":"WebPage","@id":"https:\/\/eccleblog.apsh34.org\/index.php\/2026\/01\/12\/world-clean-up-day\/","url":"https:\/\/eccleblog.apsh34.org\/index.php\/2026\/01\/12\/world-clean-up-day\/","name":"World Clean Up Day - Blog du foyer de vie Camille Claudel","isPartOf":{"@id":"https:\/\/eccleblog.apsh34.org\/#website"},"primaryImageOfPage":{"@id":"https:\/\/eccleblog.apsh34.org\/index.php\/2026\/01\/12\/world-clean-up-day\/#primaryimage"},"image":{"@id":"https:\/\/eccleblog.apsh34.org\/index.php\/2026\/01\/12\/world-clean-up-day\/#primaryimage"},"thumbnailUrl":"https:\/\/eccleblog.apsh34.org\/wp-content\/uploads\/2026\/01\/A.png","datePublished":"2026-01-12T14:28:41+00:00","dateModified":"2026-02-02T11:32:06+00:00","breadcrumb":{"@id":"https:\/\/eccleblog.apsh34.org\/index.php\/2026\/01\/12\/world-clean-up-day\/#breadcrumb"},"inLanguage":"fr-FR","potentialAction":[{"@type":"ReadAction","target":["https:\/\/eccleblog.apsh34.org\/index.php\/2026\/01\/12\/world-clean-up-day\/"]}]},{"@type":"ImageObject","inLanguage":"fr-FR","@id":"https:\/\/eccleblog.apsh34.org\/index.php\/2026\/01\/12\/world-clean-up-day\/#primaryimage","url":"https:\/\/eccleblog.apsh34.org\/wp-content\/uploads\/2026\/01\/A.png","contentUrl":"https:\/\/eccleblog.apsh34.org\/wp-content\/uploads\/2026\/01\/A.png","width":389,"height":130},{"@type":"BreadcrumbList","@id":"https:\/\/eccleblog.apsh34.org\/index.php\/2026\/01\/12\/world-clean-up-day\/#breadcrumb","itemListElement":[{"@type":"ListItem","position":1,"name":"Accueil","item":"https:\/\/eccleblog.apsh34.org\/"},{"@type":"ListItem","position":2,"name":"World Clean Up Day"}]},{"@type":"WebSite","@id":"https:\/\/eccleblog.apsh34.org\/#website","url":"https:\/\/eccleblog.apsh34.org\/","name":"Blog du foyer de vie Camille Claudel - APSH34","description":"Les couleurs de nos vies","publisher":{"@id":"https:\/\/eccleblog.apsh34.org\/#organization"},"potentialAction":[{"@type":"SearchAction","target":{"@type":"EntryPoint","urlTemplate":"https:\/\/eccleblog.apsh34.org\/?s={search_term_string}"},"query-input":{"@type":"PropertyValueSpecification","valueRequired":true,"valueName":"search_term_string"}}],"inLanguage":"fr-FR"},{"@type":"Organization","@id":"https:\/\/eccleblog.apsh34.org\/#organization","name":"Blog du foyer de vie Camille Claudel - APSH34","url":"https:\/\/eccleblog.apsh34.org\/","logo":{"@type":"ImageObject","inLanguage":"fr-FR","@id":"https:\/\/eccleblog.apsh34.org\/#\/schema\/logo\/image\/","url":"https:\/\/eccleblog.apsh34.org\/wp-content\/uploads\/2025\/01\/cropped-Icone-apsh-1.png","contentUrl":"https:\/\/eccleblog.apsh34.org\/wp-content\/uploads\/2025\/01\/cropped-Icone-apsh-1.png","width":512,"height":512,"caption":"Blog du foyer de vie Camille Claudel - APSH34"},"image":{"@id":"https:\/\/eccleblog.apsh34.org\/#\/schema\/logo\/image\/"},"sameAs":["https:\/\/www.facebook.com\/apsh34","https:\/\/www.linkedin.com\/company\/apsh34\/","https:\/\/www.instagram.com\/apsh34_association\/","https:\/\/www.youtube.com\/@apsh34"]},{"@type":"Person","@id":"https:\/\/eccleblog.apsh34.org\/#\/schema\/person\/09c163a296b703843907a30a962c58ce","name":"S\u00e9verine Educ","image":{"@type":"ImageObject","inLanguage":"fr-FR","@id":"https:\/\/eccleblog.apsh34.org\/#\/schema\/person\/image\/","url":"https:\/\/secure.gravatar.com\/avatar\/379b74d79db9166b61308c3e98568eac0829d68f38731414bbc6f3d08e9981b3?s=96&d=mm&r=g","contentUrl":"https:\/\/secure.gravatar.com\/avatar\/379b74d79db9166b61308c3e98568eac0829d68f38731414bbc6f3d08e9981b3?s=96&d=mm&r=g","caption":"S\u00e9verine Educ"},"url":"https:\/\/eccleblog.apsh34.org\/index.php\/author\/educato\/"}]}},"_links":{"self":[{"href":"https:\/\/eccleblog.apsh34.org\/index.php\/wp-json\/wp\/v2\/posts\/482","targetHints":{"allow":["GET"]}}],"collection":[{"href":"https:\/\/eccleblog.apsh34.org\/index.php\/wp-json\/wp\/v2\/posts"}],"about":[{"href":"https:\/\/eccleblog.apsh34.org\/index.php\/wp-json\/wp\/v2\/types\/post"}],"author":[{"embeddable":true,"href":"https:\/\/eccleblog.apsh34.org\/index.php\/wp-json\/wp\/v2\/users\/5"}],"replies":[{"embeddable":true,"href":"https:\/\/eccleblog.apsh34.org\/index.php\/wp-json\/wp\/v2\/comments?post=482"}],"version-history":[{"count":6,"href":"https:\/\/eccleblog.apsh34.org\/index.php\/wp-json\/wp\/v2\/posts\/482\/revisions"}],"predecessor-version":[{"id":684,"href":"https:\/\/eccleblog.apsh34.org\/index.php\/wp-json\/wp\/v2\/posts\/482\/revisions\/684"}],"wp:featuredmedia":[{"embeddable":true,"href":"https:\/\/eccleblog.apsh34.org\/index.php\/wp-json\/wp\/v2\/media\/715"}],"wp:attachment":[{"href":"https:\/\/eccleblog.apsh34.org\/index.php\/wp-json\/wp\/v2\/media?parent=482"}],"wp:term":[{"taxonomy":"category","embeddable":true,"href":"https:\/\/eccleblog.apsh34.org\/index.php\/wp-json\/wp\/v2\/categories?post=482"},{"taxonomy":"post_tag","embeddable":true,"href":"https:\/\/eccleblog.apsh34.org\/index.php\/wp-json\/wp\/v2\/tags?post=482"}],"curies":[{"name":"wp","href":"https:\/\/api.w.org\/{rel}","templated":true}]}}