{"id":484,"date":"2025-04-30T14:59:40","date_gmt":"2025-04-30T12:59:40","guid":{"rendered":"https:\/\/eccleblog.apsh34.org\/?p=484"},"modified":"2026-02-02T12:32:49","modified_gmt":"2026-02-02T11:32:49","slug":"atelier-gouts-et-saveurs","status":"publish","type":"post","link":"https:\/\/eccleblog.apsh34.org\/index.php\/2025\/04\/30\/atelier-gouts-et-saveurs\/","title":{"rendered":"Atelier Go\u00fbts et Saveurs"},"content":{"rendered":"\n<p>L&rsquo;atelier \u00ab\u00a0Go\u00fbts et saveurs\u00a0\u00bb se d\u00e9roule le mercredi toute la journ\u00e9e \u00e0 la salle \u00ab\u00a0L&rsquo;Agora\u00a0\u00bb dans le centre ville de Clermont l&rsquo;H\u00e9rault. C&rsquo;est l&rsquo;\u00e9ducatrice Claire qui anime cette activit\u00e9.<\/p>\n\n\n\n<p>L&rsquo;atelier consiste \u00e0 confectionner des repas choisis en groupe avec des produits du march\u00e9. <br>Nous r\u00e9fl\u00e9chissons ensemble au th\u00e8me mensuel puis r\u00e9alisons les menus.<\/p>\n\n\n\n<p>Le 1er mercredi du mois, nous faisons les courses principales (denr\u00e9es s\u00e8ches). Puis chaque mercredi, nous allons au march\u00e9 pour faire les derniers achats n\u00e9cessaires \u00e0 la pr\u00e9paration du menu du jour (produits frais).<\/p>\n\n\n\n<p>Nous confectionnons le repas \u00e0 l&rsquo;Agora et nous d\u00e9gustons notre pr\u00e9paration sur place.<\/p>\n\n\n\n<p>Apr\u00e8s le repas, nous faisons un petit temps de relaxation avant de repartir \u00e0 l&rsquo;EANM.<\/p>\n\n\n\n<p><\/p>\n","protected":false},"excerpt":{"rendered":"<p>L&rsquo;atelier \u00ab\u00a0Go\u00fbts et saveurs\u00a0\u00bb se d\u00e9roule le mercredi toute la journ\u00e9e \u00e0 la salle \u00ab\u00a0L&rsquo;Agora\u00a0\u00bb dans le centre ville de Clermont l&rsquo;H\u00e9rault. C&rsquo;est l&rsquo;\u00e9ducatrice Claire qui anime cette activit\u00e9. L&rsquo;atelier [&hellip;]<\/p>\n","protected":false},"author":5,"featured_media":636,"comment_status":"closed","ping_status":"open","sticky":false,"template":"","format":"standard","meta":{"_EventAllDay":false,"_EventTimezone":"","_EventStartDate":"","_EventEndDate":"","_EventStartDateUTC":"","_EventEndDateUTC":"","_EventShowMap":false,"_EventShowMapLink":false,"_EventURL":"","_EventCost":"","_EventCostDescription":"","_EventCurrencySymbol":"","_EventCurrencyCode":"","_EventCurrencyPosition":"","_EventDateTimeSeparator":"","_EventTimeRangeSeparator":"","_EventOrganizerID":[],"_EventVenueID":[],"_OrganizerEmail":"","_OrganizerPhone":"","_OrganizerWebsite":"","_VenueAddress":"","_VenueCity":"","_VenueCountry":"","_VenueProvince":"","_VenueState":"","_VenueZip":"","_VenuePhone":"","_VenueURL":"","_VenueStateProvince":"","_VenueLat":"","_VenueLng":"","_VenueShowMap":false,"_VenueShowMapLink":false,"footnotes":""},"categories":[2],"tags":[],"class_list":["post-484","post","type-post","status-publish","format-standard","has-post-thumbnail","hentry","category-activites"],"yoast_head":"<!-- This site is optimized with the Yoast SEO plugin v25.0 - https:\/\/yoast.com\/wordpress\/plugins\/seo\/ -->\n<title>Atelier Go\u00fbts et Saveurs - Blog du foyer de vie Camille Claudel<\/title>\n<meta name=\"robots\" content=\"index, follow, max-snippet:-1, max-image-preview:large, max-video-preview:-1\" \/>\n<link rel=\"canonical\" href=\"https:\/\/eccleblog.apsh34.org\/index.php\/2025\/04\/30\/atelier-gouts-et-saveurs\/\" \/>\n<meta property=\"og:locale\" content=\"fr_FR\" \/>\n<meta property=\"og:type\" content=\"article\" \/>\n<meta property=\"og:title\" content=\"Atelier Go\u00fbts et Saveurs - Blog du foyer de vie Camille Claudel\" \/>\n<meta property=\"og:description\" content=\"L&rsquo;atelier \u00ab\u00a0Go\u00fbts et saveurs\u00a0\u00bb se d\u00e9roule le mercredi toute la journ\u00e9e \u00e0 la salle \u00ab\u00a0L&rsquo;Agora\u00a0\u00bb dans le centre ville de Clermont l&rsquo;H\u00e9rault. C&rsquo;est l&rsquo;\u00e9ducatrice Claire qui anime cette activit\u00e9. L&rsquo;atelier [&hellip;]\" \/>\n<meta property=\"og:url\" content=\"https:\/\/eccleblog.apsh34.org\/index.php\/2025\/04\/30\/atelier-gouts-et-saveurs\/\" \/>\n<meta property=\"og:site_name\" content=\"Blog du foyer de vie Camille Claudel\" \/>\n<meta property=\"article:publisher\" content=\"https:\/\/www.facebook.com\/apsh34\" \/>\n<meta property=\"article:published_time\" content=\"2025-04-30T12:59:40+00:00\" \/>\n<meta property=\"article:modified_time\" content=\"2026-02-02T11:32:49+00:00\" \/>\n<meta property=\"og:image\" content=\"https:\/\/eccleblog.apsh34.org\/wp-content\/uploads\/2025\/04\/Photos_Atelier-gouts-et-saveurs.png\" \/>\n\t<meta property=\"og:image:width\" content=\"1200\" \/>\n\t<meta property=\"og:image:height\" content=\"900\" \/>\n\t<meta property=\"og:image:type\" content=\"image\/png\" \/>\n<meta name=\"author\" content=\"S\u00e9verine Educ\" \/>\n<meta name=\"twitter:card\" content=\"summary_large_image\" \/>\n<meta name=\"twitter:label1\" content=\"\u00c9crit par\" \/>\n\t<meta name=\"twitter:data1\" content=\"S\u00e9verine Educ\" \/>\n\t<meta name=\"twitter:label2\" content=\"Dur\u00e9e de lecture estim\u00e9e\" \/>\n\t<meta name=\"twitter:data2\" content=\"1 minute\" \/>\n<script type=\"application\/ld+json\" class=\"yoast-schema-graph\">{\"@context\":\"https:\/\/schema.org\",\"@graph\":[{\"@type\":\"Article\",\"@id\":\"https:\/\/eccleblog.apsh34.org\/index.php\/2025\/04\/30\/atelier-gouts-et-saveurs\/#article\",\"isPartOf\":{\"@id\":\"https:\/\/eccleblog.apsh34.org\/index.php\/2025\/04\/30\/atelier-gouts-et-saveurs\/\"},\"author\":{\"name\":\"S\u00e9verine Educ\",\"@id\":\"https:\/\/eccleblog.apsh34.org\/#\/schema\/person\/09c163a296b703843907a30a962c58ce\"},\"headline\":\"Atelier Go\u00fbts et Saveurs\",\"datePublished\":\"2025-04-30T12:59:40+00:00\",\"dateModified\":\"2026-02-02T11:32:49+00:00\",\"mainEntityOfPage\":{\"@id\":\"https:\/\/eccleblog.apsh34.org\/index.php\/2025\/04\/30\/atelier-gouts-et-saveurs\/\"},\"wordCount\":138,\"publisher\":{\"@id\":\"https:\/\/eccleblog.apsh34.org\/#organization\"},\"image\":{\"@id\":\"https:\/\/eccleblog.apsh34.org\/index.php\/2025\/04\/30\/atelier-gouts-et-saveurs\/#primaryimage\"},\"thumbnailUrl\":\"https:\/\/eccleblog.apsh34.org\/wp-content\/uploads\/2025\/04\/Photos_Atelier-gouts-et-saveurs.png\",\"articleSection\":[\"Nos activit\u00e9s\"],\"inLanguage\":\"fr-FR\"},{\"@type\":\"WebPage\",\"@id\":\"https:\/\/eccleblog.apsh34.org\/index.php\/2025\/04\/30\/atelier-gouts-et-saveurs\/\",\"url\":\"https:\/\/eccleblog.apsh34.org\/index.php\/2025\/04\/30\/atelier-gouts-et-saveurs\/\",\"name\":\"Atelier Go\u00fbts et Saveurs - Blog du foyer de vie Camille Claudel\",\"isPartOf\":{\"@id\":\"https:\/\/eccleblog.apsh34.org\/#website\"},\"primaryImageOfPage\":{\"@id\":\"https:\/\/eccleblog.apsh34.org\/index.php\/2025\/04\/30\/atelier-gouts-et-saveurs\/#primaryimage\"},\"image\":{\"@id\":\"https:\/\/eccleblog.apsh34.org\/index.php\/2025\/04\/30\/atelier-gouts-et-saveurs\/#primaryimage\"},\"thumbnailUrl\":\"https:\/\/eccleblog.apsh34.org\/wp-content\/uploads\/2025\/04\/Photos_Atelier-gouts-et-saveurs.png\",\"datePublished\":\"2025-04-30T12:59:40+00:00\",\"dateModified\":\"2026-02-02T11:32:49+00:00\",\"breadcrumb\":{\"@id\":\"https:\/\/eccleblog.apsh34.org\/index.php\/2025\/04\/30\/atelier-gouts-et-saveurs\/#breadcrumb\"},\"inLanguage\":\"fr-FR\",\"potentialAction\":[{\"@type\":\"ReadAction\",\"target\":[\"https:\/\/eccleblog.apsh34.org\/index.php\/2025\/04\/30\/atelier-gouts-et-saveurs\/\"]}]},{\"@type\":\"ImageObject\",\"inLanguage\":\"fr-FR\",\"@id\":\"https:\/\/eccleblog.apsh34.org\/index.php\/2025\/04\/30\/atelier-gouts-et-saveurs\/#primaryimage\",\"url\":\"https:\/\/eccleblog.apsh34.org\/wp-content\/uploads\/2025\/04\/Photos_Atelier-gouts-et-saveurs.png\",\"contentUrl\":\"https:\/\/eccleblog.apsh34.org\/wp-content\/uploads\/2025\/04\/Photos_Atelier-gouts-et-saveurs.png\",\"width\":1200,\"height\":900},{\"@type\":\"BreadcrumbList\",\"@id\":\"https:\/\/eccleblog.apsh34.org\/index.php\/2025\/04\/30\/atelier-gouts-et-saveurs\/#breadcrumb\",\"itemListElement\":[{\"@type\":\"ListItem\",\"position\":1,\"name\":\"Accueil\",\"item\":\"https:\/\/eccleblog.apsh34.org\/\"},{\"@type\":\"ListItem\",\"position\":2,\"name\":\"Atelier Go\u00fbts et Saveurs\"}]},{\"@type\":\"WebSite\",\"@id\":\"https:\/\/eccleblog.apsh34.org\/#website\",\"url\":\"https:\/\/eccleblog.apsh34.org\/\",\"name\":\"Blog du foyer de vie Camille Claudel - APSH34\",\"description\":\"Les couleurs de nos vies\",\"publisher\":{\"@id\":\"https:\/\/eccleblog.apsh34.org\/#organization\"},\"potentialAction\":[{\"@type\":\"SearchAction\",\"target\":{\"@type\":\"EntryPoint\",\"urlTemplate\":\"https:\/\/eccleblog.apsh34.org\/?s={search_term_string}\"},\"query-input\":{\"@type\":\"PropertyValueSpecification\",\"valueRequired\":true,\"valueName\":\"search_term_string\"}}],\"inLanguage\":\"fr-FR\"},{\"@type\":\"Organization\",\"@id\":\"https:\/\/eccleblog.apsh34.org\/#organization\",\"name\":\"Blog du foyer de vie Camille Claudel - APSH34\",\"url\":\"https:\/\/eccleblog.apsh34.org\/\",\"logo\":{\"@type\":\"ImageObject\",\"inLanguage\":\"fr-FR\",\"@id\":\"https:\/\/eccleblog.apsh34.org\/#\/schema\/logo\/image\/\",\"url\":\"https:\/\/eccleblog.apsh34.org\/wp-content\/uploads\/2025\/01\/cropped-Icone-apsh-1.png\",\"contentUrl\":\"https:\/\/eccleblog.apsh34.org\/wp-content\/uploads\/2025\/01\/cropped-Icone-apsh-1.png\",\"width\":512,\"height\":512,\"caption\":\"Blog du foyer de vie Camille Claudel - APSH34\"},\"image\":{\"@id\":\"https:\/\/eccleblog.apsh34.org\/#\/schema\/logo\/image\/\"},\"sameAs\":[\"https:\/\/www.facebook.com\/apsh34\",\"https:\/\/www.linkedin.com\/company\/apsh34\/\",\"https:\/\/www.instagram.com\/apsh34_association\/\",\"https:\/\/www.youtube.com\/@apsh34\"]},{\"@type\":\"Person\",\"@id\":\"https:\/\/eccleblog.apsh34.org\/#\/schema\/person\/09c163a296b703843907a30a962c58ce\",\"name\":\"S\u00e9verine Educ\",\"image\":{\"@type\":\"ImageObject\",\"inLanguage\":\"fr-FR\",\"@id\":\"https:\/\/eccleblog.apsh34.org\/#\/schema\/person\/image\/\",\"url\":\"https:\/\/secure.gravatar.com\/avatar\/379b74d79db9166b61308c3e98568eac0829d68f38731414bbc6f3d08e9981b3?s=96&d=mm&r=g\",\"contentUrl\":\"https:\/\/secure.gravatar.com\/avatar\/379b74d79db9166b61308c3e98568eac0829d68f38731414bbc6f3d08e9981b3?s=96&d=mm&r=g\",\"caption\":\"S\u00e9verine Educ\"},\"url\":\"https:\/\/eccleblog.apsh34.org\/index.php\/author\/educato\/\"}]}<\/script>\n<!-- \/ Yoast SEO plugin. -->","yoast_head_json":{"title":"Atelier Go\u00fbts et Saveurs - Blog du foyer de vie Camille Claudel","robots":{"index":"index","follow":"follow","max-snippet":"max-snippet:-1","max-image-preview":"max-image-preview:large","max-video-preview":"max-video-preview:-1"},"canonical":"https:\/\/eccleblog.apsh34.org\/index.php\/2025\/04\/30\/atelier-gouts-et-saveurs\/","og_locale":"fr_FR","og_type":"article","og_title":"Atelier Go\u00fbts et Saveurs - Blog du foyer de vie Camille Claudel","og_description":"L&rsquo;atelier \u00ab\u00a0Go\u00fbts et saveurs\u00a0\u00bb se d\u00e9roule le mercredi toute la journ\u00e9e \u00e0 la salle \u00ab\u00a0L&rsquo;Agora\u00a0\u00bb dans le centre ville de Clermont l&rsquo;H\u00e9rault. C&rsquo;est l&rsquo;\u00e9ducatrice Claire qui anime cette activit\u00e9. L&rsquo;atelier [&hellip;]","og_url":"https:\/\/eccleblog.apsh34.org\/index.php\/2025\/04\/30\/atelier-gouts-et-saveurs\/","og_site_name":"Blog du foyer de vie Camille Claudel","article_publisher":"https:\/\/www.facebook.com\/apsh34","article_published_time":"2025-04-30T12:59:40+00:00","article_modified_time":"2026-02-02T11:32:49+00:00","og_image":[{"width":1200,"height":900,"url":"https:\/\/eccleblog.apsh34.org\/wp-content\/uploads\/2025\/04\/Photos_Atelier-gouts-et-saveurs.png","type":"image\/png"}],"author":"S\u00e9verine Educ","twitter_card":"summary_large_image","twitter_misc":{"\u00c9crit par":"S\u00e9verine Educ","Dur\u00e9e de lecture estim\u00e9e":"1 minute"},"schema":{"@context":"https:\/\/schema.org","@graph":[{"@type":"Article","@id":"https:\/\/eccleblog.apsh34.org\/index.php\/2025\/04\/30\/atelier-gouts-et-saveurs\/#article","isPartOf":{"@id":"https:\/\/eccleblog.apsh34.org\/index.php\/2025\/04\/30\/atelier-gouts-et-saveurs\/"},"author":{"name":"S\u00e9verine Educ","@id":"https:\/\/eccleblog.apsh34.org\/#\/schema\/person\/09c163a296b703843907a30a962c58ce"},"headline":"Atelier Go\u00fbts et Saveurs","datePublished":"2025-04-30T12:59:40+00:00","dateModified":"2026-02-02T11:32:49+00:00","mainEntityOfPage":{"@id":"https:\/\/eccleblog.apsh34.org\/index.php\/2025\/04\/30\/atelier-gouts-et-saveurs\/"},"wordCount":138,"publisher":{"@id":"https:\/\/eccleblog.apsh34.org\/#organization"},"image":{"@id":"https:\/\/eccleblog.apsh34.org\/index.php\/2025\/04\/30\/atelier-gouts-et-saveurs\/#primaryimage"},"thumbnailUrl":"https:\/\/eccleblog.apsh34.org\/wp-content\/uploads\/2025\/04\/Photos_Atelier-gouts-et-saveurs.png","articleSection":["Nos activit\u00e9s"],"inLanguage":"fr-FR"},{"@type":"WebPage","@id":"https:\/\/eccleblog.apsh34.org\/index.php\/2025\/04\/30\/atelier-gouts-et-saveurs\/","url":"https:\/\/eccleblog.apsh34.org\/index.php\/2025\/04\/30\/atelier-gouts-et-saveurs\/","name":"Atelier Go\u00fbts et Saveurs - Blog du foyer de vie Camille Claudel","isPartOf":{"@id":"https:\/\/eccleblog.apsh34.org\/#website"},"primaryImageOfPage":{"@id":"https:\/\/eccleblog.apsh34.org\/index.php\/2025\/04\/30\/atelier-gouts-et-saveurs\/#primaryimage"},"image":{"@id":"https:\/\/eccleblog.apsh34.org\/index.php\/2025\/04\/30\/atelier-gouts-et-saveurs\/#primaryimage"},"thumbnailUrl":"https:\/\/eccleblog.apsh34.org\/wp-content\/uploads\/2025\/04\/Photos_Atelier-gouts-et-saveurs.png","datePublished":"2025-04-30T12:59:40+00:00","dateModified":"2026-02-02T11:32:49+00:00","breadcrumb":{"@id":"https:\/\/eccleblog.apsh34.org\/index.php\/2025\/04\/30\/atelier-gouts-et-saveurs\/#breadcrumb"},"inLanguage":"fr-FR","potentialAction":[{"@type":"ReadAction","target":["https:\/\/eccleblog.apsh34.org\/index.php\/2025\/04\/30\/atelier-gouts-et-saveurs\/"]}]},{"@type":"ImageObject","inLanguage":"fr-FR","@id":"https:\/\/eccleblog.apsh34.org\/index.php\/2025\/04\/30\/atelier-gouts-et-saveurs\/#primaryimage","url":"https:\/\/eccleblog.apsh34.org\/wp-content\/uploads\/2025\/04\/Photos_Atelier-gouts-et-saveurs.png","contentUrl":"https:\/\/eccleblog.apsh34.org\/wp-content\/uploads\/2025\/04\/Photos_Atelier-gouts-et-saveurs.png","width":1200,"height":900},{"@type":"BreadcrumbList","@id":"https:\/\/eccleblog.apsh34.org\/index.php\/2025\/04\/30\/atelier-gouts-et-saveurs\/#breadcrumb","itemListElement":[{"@type":"ListItem","position":1,"name":"Accueil","item":"https:\/\/eccleblog.apsh34.org\/"},{"@type":"ListItem","position":2,"name":"Atelier Go\u00fbts et Saveurs"}]},{"@type":"WebSite","@id":"https:\/\/eccleblog.apsh34.org\/#website","url":"https:\/\/eccleblog.apsh34.org\/","name":"Blog du foyer de vie Camille Claudel - APSH34","description":"Les couleurs de nos vies","publisher":{"@id":"https:\/\/eccleblog.apsh34.org\/#organization"},"potentialAction":[{"@type":"SearchAction","target":{"@type":"EntryPoint","urlTemplate":"https:\/\/eccleblog.apsh34.org\/?s={search_term_string}"},"query-input":{"@type":"PropertyValueSpecification","valueRequired":true,"valueName":"search_term_string"}}],"inLanguage":"fr-FR"},{"@type":"Organization","@id":"https:\/\/eccleblog.apsh34.org\/#organization","name":"Blog du foyer de vie Camille Claudel - APSH34","url":"https:\/\/eccleblog.apsh34.org\/","logo":{"@type":"ImageObject","inLanguage":"fr-FR","@id":"https:\/\/eccleblog.apsh34.org\/#\/schema\/logo\/image\/","url":"https:\/\/eccleblog.apsh34.org\/wp-content\/uploads\/2025\/01\/cropped-Icone-apsh-1.png","contentUrl":"https:\/\/eccleblog.apsh34.org\/wp-content\/uploads\/2025\/01\/cropped-Icone-apsh-1.png","width":512,"height":512,"caption":"Blog du foyer de vie Camille Claudel - APSH34"},"image":{"@id":"https:\/\/eccleblog.apsh34.org\/#\/schema\/logo\/image\/"},"sameAs":["https:\/\/www.facebook.com\/apsh34","https:\/\/www.linkedin.com\/company\/apsh34\/","https:\/\/www.instagram.com\/apsh34_association\/","https:\/\/www.youtube.com\/@apsh34"]},{"@type":"Person","@id":"https:\/\/eccleblog.apsh34.org\/#\/schema\/person\/09c163a296b703843907a30a962c58ce","name":"S\u00e9verine Educ","image":{"@type":"ImageObject","inLanguage":"fr-FR","@id":"https:\/\/eccleblog.apsh34.org\/#\/schema\/person\/image\/","url":"https:\/\/secure.gravatar.com\/avatar\/379b74d79db9166b61308c3e98568eac0829d68f38731414bbc6f3d08e9981b3?s=96&d=mm&r=g","contentUrl":"https:\/\/secure.gravatar.com\/avatar\/379b74d79db9166b61308c3e98568eac0829d68f38731414bbc6f3d08e9981b3?s=96&d=mm&r=g","caption":"S\u00e9verine Educ"},"url":"https:\/\/eccleblog.apsh34.org\/index.php\/author\/educato\/"}]}},"_links":{"self":[{"href":"https:\/\/eccleblog.apsh34.org\/index.php\/wp-json\/wp\/v2\/posts\/484","targetHints":{"allow":["GET"]}}],"collection":[{"href":"https:\/\/eccleblog.apsh34.org\/index.php\/wp-json\/wp\/v2\/posts"}],"about":[{"href":"https:\/\/eccleblog.apsh34.org\/index.php\/wp-json\/wp\/v2\/types\/post"}],"author":[{"embeddable":true,"href":"https:\/\/eccleblog.apsh34.org\/index.php\/wp-json\/wp\/v2\/users\/5"}],"replies":[{"embeddable":true,"href":"https:\/\/eccleblog.apsh34.org\/index.php\/wp-json\/wp\/v2\/comments?post=484"}],"version-history":[{"count":3,"href":"https:\/\/eccleblog.apsh34.org\/index.php\/wp-json\/wp\/v2\/posts\/484\/revisions"}],"predecessor-version":[{"id":513,"href":"https:\/\/eccleblog.apsh34.org\/index.php\/wp-json\/wp\/v2\/posts\/484\/revisions\/513"}],"wp:featuredmedia":[{"embeddable":true,"href":"https:\/\/eccleblog.apsh34.org\/index.php\/wp-json\/wp\/v2\/media\/636"}],"wp:attachment":[{"href":"https:\/\/eccleblog.apsh34.org\/index.php\/wp-json\/wp\/v2\/media?parent=484"}],"wp:term":[{"taxonomy":"category","embeddable":true,"href":"https:\/\/eccleblog.apsh34.org\/index.php\/wp-json\/wp\/v2\/categories?post=484"},{"taxonomy":"post_tag","embeddable":true,"href":"https:\/\/eccleblog.apsh34.org\/index.php\/wp-json\/wp\/v2\/tags?post=484"}],"curies":[{"name":"wp","href":"https:\/\/api.w.org\/{rel}","templated":true}]}}