{"id":57,"date":"2019-03-15T12:00:00","date_gmt":"2019-03-15T11:00:00","guid":{"rendered":"https:\/\/lestestsdesoso.wordpress.com\/?p=57"},"modified":"2019-03-15T12:00:00","modified_gmt":"2019-03-15T11:00:00","slug":"creativite-arts-plastiques","status":"publish","type":"post","link":"https:\/\/eccleblog.apsh34.org\/index.php\/2019\/03\/15\/creativite-arts-plastiques\/","title":{"rendered":"Cr\u00e9ativit\u00e9 (Arts-Plastiques)"},"content":{"rendered":"\n<p>Nous faisons de la peinture sur toile, papier Canson, carton&#8230; <\/p>\n\n\n\n<p>Cette ann\u00e9e avec Benjamin nous avons travaill\u00e9 sur le th\u00e8me du \u00ab\u00a0Street Art, Pop Art, Graffiti\u00a0\u00bb.<\/p>\n\n\n\n<p>Au d\u00e9but nous avons choisi une couleur pour peindre la toile enti\u00e8rement, et ensuite quelques images pour illustrer le tableau. Nous avons choisi des mots et des symboles que nous aimons. Nous avons utilis\u00e9 des marqueurs \u00ab\u00a0Posca\u00a0\u00bb, des pochoirs, du ruban, de la peinture en bombe. Nous avons travaill\u00e9 \u00e0 plusieurs mains sur la m\u00eame toile pour en faire une dizaine. \u00c7a nous a demand\u00e9 du temps pour les r\u00e9aliser nous n&rsquo;avons pas termin\u00e9 encore.<\/p>\n\n\n\n<p>J&rsquo;aimerai bien que l&rsquo;on puisse les exposer au foyer en premier et apr\u00e8s \u00e0 la M\u00e9diath\u00e8que.<\/p>\n\n\n\n<figure class=\"wp-block-image size-large\"><img decoding=\"async\" src=\"https:\/\/lestestsdesoso.wordpress.com\/wp-content\/uploads\/2025\/01\/creativite-arts-plastiques.jpg?w=1024\" alt=\"\" class=\"wp-image-60\" \/><\/figure>\n\n\n\n<h2 class=\"wp-block-heading\" id=\"viewer-5239u\">Jos\u00e9 L.<\/h2>\n","protected":false},"excerpt":{"rendered":"<p>Nous faisons de la peinture sur toile, papier Canson, carton&#8230; Cette ann\u00e9e avec Benjamin nous avons travaill\u00e9 sur le th\u00e8me du \u00ab\u00a0Street Art, Pop Art, Graffiti\u00a0\u00bb. Au d\u00e9but nous avons [&hellip;]<\/p>\n","protected":false},"author":1,"featured_media":61,"comment_status":"closed","ping_status":"closed","sticky":false,"template":"","format":"standard","meta":{"_EventAllDay":false,"_EventTimezone":"","_EventStartDate":"","_EventEndDate":"","_EventStartDateUTC":"","_EventEndDateUTC":"","_EventShowMap":false,"_EventShowMapLink":false,"_EventURL":"","_EventCost":"","_EventCostDescription":"","_EventCurrencySymbol":"","_EventCurrencyCode":"","_EventCurrencyPosition":"","_EventDateTimeSeparator":"","_EventTimeRangeSeparator":"","_EventOrganizerID":[],"_EventVenueID":[],"_OrganizerEmail":"","_OrganizerPhone":"","_OrganizerWebsite":"","_VenueAddress":"","_VenueCity":"","_VenueCountry":"","_VenueProvince":"","_VenueState":"","_VenueZip":"","_VenuePhone":"","_VenueURL":"","_VenueStateProvince":"","_VenueLat":"","_VenueLng":"","_VenueShowMap":false,"_VenueShowMapLink":false,"footnotes":""},"categories":[2],"tags":[],"class_list":["post-57","post","type-post","status-publish","format-standard","has-post-thumbnail","hentry","category-activites"],"yoast_head":"<!-- This site is optimized with the Yoast SEO plugin v25.0 - https:\/\/yoast.com\/wordpress\/plugins\/seo\/ -->\n<title>Cr\u00e9ativit\u00e9 (Arts-Plastiques) - Blog du foyer de vie Camille Claudel<\/title>\n<meta name=\"robots\" content=\"index, follow, max-snippet:-1, max-image-preview:large, max-video-preview:-1\" \/>\n<link rel=\"canonical\" href=\"https:\/\/eccleblog.apsh34.org\/index.php\/2019\/03\/15\/creativite-arts-plastiques\/\" \/>\n<meta property=\"og:locale\" content=\"fr_FR\" \/>\n<meta property=\"og:type\" content=\"article\" \/>\n<meta property=\"og:title\" content=\"Cr\u00e9ativit\u00e9 (Arts-Plastiques) - Blog du foyer de vie Camille Claudel\" \/>\n<meta property=\"og:description\" content=\"Nous faisons de la peinture sur toile, papier Canson, carton&#8230; Cette ann\u00e9e avec Benjamin nous avons travaill\u00e9 sur le th\u00e8me du \u00ab\u00a0Street Art, Pop Art, Graffiti\u00a0\u00bb. Au d\u00e9but nous avons [&hellip;]\" \/>\n<meta property=\"og:url\" content=\"https:\/\/eccleblog.apsh34.org\/index.php\/2019\/03\/15\/creativite-arts-plastiques\/\" \/>\n<meta property=\"og:site_name\" content=\"Blog du foyer de vie Camille Claudel\" \/>\n<meta property=\"article:publisher\" content=\"https:\/\/www.facebook.com\/apsh34\" \/>\n<meta property=\"article:published_time\" content=\"2019-03-15T11:00:00+00:00\" \/>\n<meta property=\"og:image\" content=\"https:\/\/eccleblog.apsh34.org\/wp-content\/uploads\/2025\/01\/creativite-arts-plastiques-1-1-scaled.jpg\" \/>\n\t<meta property=\"og:image:width\" content=\"2560\" \/>\n\t<meta property=\"og:image:height\" content=\"1920\" \/>\n\t<meta property=\"og:image:type\" content=\"image\/jpeg\" \/>\n<meta name=\"author\" content=\"Sofya\" \/>\n<meta name=\"twitter:card\" content=\"summary_large_image\" \/>\n<meta name=\"twitter:label1\" content=\"\u00c9crit par\" \/>\n\t<meta name=\"twitter:data1\" content=\"Sofya\" \/>\n\t<meta name=\"twitter:label2\" content=\"Dur\u00e9e de lecture estim\u00e9e\" \/>\n\t<meta name=\"twitter:data2\" content=\"1 minute\" \/>\n<script type=\"application\/ld+json\" class=\"yoast-schema-graph\">{\"@context\":\"https:\/\/schema.org\",\"@graph\":[{\"@type\":\"Article\",\"@id\":\"https:\/\/eccleblog.apsh34.org\/index.php\/2019\/03\/15\/creativite-arts-plastiques\/#article\",\"isPartOf\":{\"@id\":\"https:\/\/eccleblog.apsh34.org\/index.php\/2019\/03\/15\/creativite-arts-plastiques\/\"},\"author\":{\"name\":\"Sofya\",\"@id\":\"https:\/\/eccleblog.apsh34.org\/#\/schema\/person\/f6fb767e779cd7f8cebc492dcfb0c8be\"},\"headline\":\"Cr\u00e9ativit\u00e9 (Arts-Plastiques)\",\"datePublished\":\"2019-03-15T11:00:00+00:00\",\"mainEntityOfPage\":{\"@id\":\"https:\/\/eccleblog.apsh34.org\/index.php\/2019\/03\/15\/creativite-arts-plastiques\/\"},\"wordCount\":132,\"publisher\":{\"@id\":\"https:\/\/eccleblog.apsh34.org\/#organization\"},\"image\":{\"@id\":\"https:\/\/eccleblog.apsh34.org\/index.php\/2019\/03\/15\/creativite-arts-plastiques\/#primaryimage\"},\"thumbnailUrl\":\"https:\/\/eccleblog.apsh34.org\/wp-content\/uploads\/2025\/01\/creativite-arts-plastiques-1-1-scaled.jpg\",\"articleSection\":[\"Nos activit\u00e9s\"],\"inLanguage\":\"fr-FR\"},{\"@type\":\"WebPage\",\"@id\":\"https:\/\/eccleblog.apsh34.org\/index.php\/2019\/03\/15\/creativite-arts-plastiques\/\",\"url\":\"https:\/\/eccleblog.apsh34.org\/index.php\/2019\/03\/15\/creativite-arts-plastiques\/\",\"name\":\"Cr\u00e9ativit\u00e9 (Arts-Plastiques) - Blog du foyer de vie Camille Claudel\",\"isPartOf\":{\"@id\":\"https:\/\/eccleblog.apsh34.org\/#website\"},\"primaryImageOfPage\":{\"@id\":\"https:\/\/eccleblog.apsh34.org\/index.php\/2019\/03\/15\/creativite-arts-plastiques\/#primaryimage\"},\"image\":{\"@id\":\"https:\/\/eccleblog.apsh34.org\/index.php\/2019\/03\/15\/creativite-arts-plastiques\/#primaryimage\"},\"thumbnailUrl\":\"https:\/\/eccleblog.apsh34.org\/wp-content\/uploads\/2025\/01\/creativite-arts-plastiques-1-1-scaled.jpg\",\"datePublished\":\"2019-03-15T11:00:00+00:00\",\"breadcrumb\":{\"@id\":\"https:\/\/eccleblog.apsh34.org\/index.php\/2019\/03\/15\/creativite-arts-plastiques\/#breadcrumb\"},\"inLanguage\":\"fr-FR\",\"potentialAction\":[{\"@type\":\"ReadAction\",\"target\":[\"https:\/\/eccleblog.apsh34.org\/index.php\/2019\/03\/15\/creativite-arts-plastiques\/\"]}]},{\"@type\":\"ImageObject\",\"inLanguage\":\"fr-FR\",\"@id\":\"https:\/\/eccleblog.apsh34.org\/index.php\/2019\/03\/15\/creativite-arts-plastiques\/#primaryimage\",\"url\":\"https:\/\/eccleblog.apsh34.org\/wp-content\/uploads\/2025\/01\/creativite-arts-plastiques-1-1-scaled.jpg\",\"contentUrl\":\"https:\/\/eccleblog.apsh34.org\/wp-content\/uploads\/2025\/01\/creativite-arts-plastiques-1-1-scaled.jpg\",\"width\":2560,\"height\":1920},{\"@type\":\"BreadcrumbList\",\"@id\":\"https:\/\/eccleblog.apsh34.org\/index.php\/2019\/03\/15\/creativite-arts-plastiques\/#breadcrumb\",\"itemListElement\":[{\"@type\":\"ListItem\",\"position\":1,\"name\":\"Accueil\",\"item\":\"https:\/\/eccleblog.apsh34.org\/\"},{\"@type\":\"ListItem\",\"position\":2,\"name\":\"Cr\u00e9ativit\u00e9 (Arts-Plastiques)\"}]},{\"@type\":\"WebSite\",\"@id\":\"https:\/\/eccleblog.apsh34.org\/#website\",\"url\":\"https:\/\/eccleblog.apsh34.org\/\",\"name\":\"Blog du foyer de vie Camille Claudel - APSH34\",\"description\":\"Les couleurs de nos vies\",\"publisher\":{\"@id\":\"https:\/\/eccleblog.apsh34.org\/#organization\"},\"potentialAction\":[{\"@type\":\"SearchAction\",\"target\":{\"@type\":\"EntryPoint\",\"urlTemplate\":\"https:\/\/eccleblog.apsh34.org\/?s={search_term_string}\"},\"query-input\":{\"@type\":\"PropertyValueSpecification\",\"valueRequired\":true,\"valueName\":\"search_term_string\"}}],\"inLanguage\":\"fr-FR\"},{\"@type\":\"Organization\",\"@id\":\"https:\/\/eccleblog.apsh34.org\/#organization\",\"name\":\"Blog du foyer de vie Camille Claudel - APSH34\",\"url\":\"https:\/\/eccleblog.apsh34.org\/\",\"logo\":{\"@type\":\"ImageObject\",\"inLanguage\":\"fr-FR\",\"@id\":\"https:\/\/eccleblog.apsh34.org\/#\/schema\/logo\/image\/\",\"url\":\"https:\/\/eccleblog.apsh34.org\/wp-content\/uploads\/2025\/01\/cropped-Icone-apsh-1.png\",\"contentUrl\":\"https:\/\/eccleblog.apsh34.org\/wp-content\/uploads\/2025\/01\/cropped-Icone-apsh-1.png\",\"width\":512,\"height\":512,\"caption\":\"Blog du foyer de vie Camille Claudel - APSH34\"},\"image\":{\"@id\":\"https:\/\/eccleblog.apsh34.org\/#\/schema\/logo\/image\/\"},\"sameAs\":[\"https:\/\/www.facebook.com\/apsh34\",\"https:\/\/www.linkedin.com\/company\/apsh34\/\",\"https:\/\/www.instagram.com\/apsh34_association\/\",\"https:\/\/www.youtube.com\/@apsh34\"]},{\"@type\":\"Person\",\"@id\":\"https:\/\/eccleblog.apsh34.org\/#\/schema\/person\/f6fb767e779cd7f8cebc492dcfb0c8be\",\"name\":\"Sofya\",\"image\":{\"@type\":\"ImageObject\",\"inLanguage\":\"fr-FR\",\"@id\":\"https:\/\/eccleblog.apsh34.org\/#\/schema\/person\/image\/\",\"url\":\"https:\/\/secure.gravatar.com\/avatar\/38f248e8976d46ef6ccb70cba6f8d069c98c0d0ed9f39d3c7f286dc8ccd97586?s=96&d=mm&r=g\",\"contentUrl\":\"https:\/\/secure.gravatar.com\/avatar\/38f248e8976d46ef6ccb70cba6f8d069c98c0d0ed9f39d3c7f286dc8ccd97586?s=96&d=mm&r=g\",\"caption\":\"Sofya\"},\"sameAs\":[\"http:\/\/vbixuwd.cluster100.hosting.ovh.net\"],\"url\":\"https:\/\/eccleblog.apsh34.org\/index.php\/author\/admin7778\/\"}]}<\/script>\n<!-- \/ Yoast SEO plugin. -->","yoast_head_json":{"title":"Cr\u00e9ativit\u00e9 (Arts-Plastiques) - Blog du foyer de vie Camille Claudel","robots":{"index":"index","follow":"follow","max-snippet":"max-snippet:-1","max-image-preview":"max-image-preview:large","max-video-preview":"max-video-preview:-1"},"canonical":"https:\/\/eccleblog.apsh34.org\/index.php\/2019\/03\/15\/creativite-arts-plastiques\/","og_locale":"fr_FR","og_type":"article","og_title":"Cr\u00e9ativit\u00e9 (Arts-Plastiques) - Blog du foyer de vie Camille Claudel","og_description":"Nous faisons de la peinture sur toile, papier Canson, carton&#8230; Cette ann\u00e9e avec Benjamin nous avons travaill\u00e9 sur le th\u00e8me du \u00ab\u00a0Street Art, Pop Art, Graffiti\u00a0\u00bb. Au d\u00e9but nous avons [&hellip;]","og_url":"https:\/\/eccleblog.apsh34.org\/index.php\/2019\/03\/15\/creativite-arts-plastiques\/","og_site_name":"Blog du foyer de vie Camille Claudel","article_publisher":"https:\/\/www.facebook.com\/apsh34","article_published_time":"2019-03-15T11:00:00+00:00","og_image":[{"width":2560,"height":1920,"url":"https:\/\/eccleblog.apsh34.org\/wp-content\/uploads\/2025\/01\/creativite-arts-plastiques-1-1-scaled.jpg","type":"image\/jpeg"}],"author":"Sofya","twitter_card":"summary_large_image","twitter_misc":{"\u00c9crit par":"Sofya","Dur\u00e9e de lecture estim\u00e9e":"1 minute"},"schema":{"@context":"https:\/\/schema.org","@graph":[{"@type":"Article","@id":"https:\/\/eccleblog.apsh34.org\/index.php\/2019\/03\/15\/creativite-arts-plastiques\/#article","isPartOf":{"@id":"https:\/\/eccleblog.apsh34.org\/index.php\/2019\/03\/15\/creativite-arts-plastiques\/"},"author":{"name":"Sofya","@id":"https:\/\/eccleblog.apsh34.org\/#\/schema\/person\/f6fb767e779cd7f8cebc492dcfb0c8be"},"headline":"Cr\u00e9ativit\u00e9 (Arts-Plastiques)","datePublished":"2019-03-15T11:00:00+00:00","mainEntityOfPage":{"@id":"https:\/\/eccleblog.apsh34.org\/index.php\/2019\/03\/15\/creativite-arts-plastiques\/"},"wordCount":132,"publisher":{"@id":"https:\/\/eccleblog.apsh34.org\/#organization"},"image":{"@id":"https:\/\/eccleblog.apsh34.org\/index.php\/2019\/03\/15\/creativite-arts-plastiques\/#primaryimage"},"thumbnailUrl":"https:\/\/eccleblog.apsh34.org\/wp-content\/uploads\/2025\/01\/creativite-arts-plastiques-1-1-scaled.jpg","articleSection":["Nos activit\u00e9s"],"inLanguage":"fr-FR"},{"@type":"WebPage","@id":"https:\/\/eccleblog.apsh34.org\/index.php\/2019\/03\/15\/creativite-arts-plastiques\/","url":"https:\/\/eccleblog.apsh34.org\/index.php\/2019\/03\/15\/creativite-arts-plastiques\/","name":"Cr\u00e9ativit\u00e9 (Arts-Plastiques) - Blog du foyer de vie Camille Claudel","isPartOf":{"@id":"https:\/\/eccleblog.apsh34.org\/#website"},"primaryImageOfPage":{"@id":"https:\/\/eccleblog.apsh34.org\/index.php\/2019\/03\/15\/creativite-arts-plastiques\/#primaryimage"},"image":{"@id":"https:\/\/eccleblog.apsh34.org\/index.php\/2019\/03\/15\/creativite-arts-plastiques\/#primaryimage"},"thumbnailUrl":"https:\/\/eccleblog.apsh34.org\/wp-content\/uploads\/2025\/01\/creativite-arts-plastiques-1-1-scaled.jpg","datePublished":"2019-03-15T11:00:00+00:00","breadcrumb":{"@id":"https:\/\/eccleblog.apsh34.org\/index.php\/2019\/03\/15\/creativite-arts-plastiques\/#breadcrumb"},"inLanguage":"fr-FR","potentialAction":[{"@type":"ReadAction","target":["https:\/\/eccleblog.apsh34.org\/index.php\/2019\/03\/15\/creativite-arts-plastiques\/"]}]},{"@type":"ImageObject","inLanguage":"fr-FR","@id":"https:\/\/eccleblog.apsh34.org\/index.php\/2019\/03\/15\/creativite-arts-plastiques\/#primaryimage","url":"https:\/\/eccleblog.apsh34.org\/wp-content\/uploads\/2025\/01\/creativite-arts-plastiques-1-1-scaled.jpg","contentUrl":"https:\/\/eccleblog.apsh34.org\/wp-content\/uploads\/2025\/01\/creativite-arts-plastiques-1-1-scaled.jpg","width":2560,"height":1920},{"@type":"BreadcrumbList","@id":"https:\/\/eccleblog.apsh34.org\/index.php\/2019\/03\/15\/creativite-arts-plastiques\/#breadcrumb","itemListElement":[{"@type":"ListItem","position":1,"name":"Accueil","item":"https:\/\/eccleblog.apsh34.org\/"},{"@type":"ListItem","position":2,"name":"Cr\u00e9ativit\u00e9 (Arts-Plastiques)"}]},{"@type":"WebSite","@id":"https:\/\/eccleblog.apsh34.org\/#website","url":"https:\/\/eccleblog.apsh34.org\/","name":"Blog du foyer de vie Camille Claudel - APSH34","description":"Les couleurs de nos vies","publisher":{"@id":"https:\/\/eccleblog.apsh34.org\/#organization"},"potentialAction":[{"@type":"SearchAction","target":{"@type":"EntryPoint","urlTemplate":"https:\/\/eccleblog.apsh34.org\/?s={search_term_string}"},"query-input":{"@type":"PropertyValueSpecification","valueRequired":true,"valueName":"search_term_string"}}],"inLanguage":"fr-FR"},{"@type":"Organization","@id":"https:\/\/eccleblog.apsh34.org\/#organization","name":"Blog du foyer de vie Camille Claudel - APSH34","url":"https:\/\/eccleblog.apsh34.org\/","logo":{"@type":"ImageObject","inLanguage":"fr-FR","@id":"https:\/\/eccleblog.apsh34.org\/#\/schema\/logo\/image\/","url":"https:\/\/eccleblog.apsh34.org\/wp-content\/uploads\/2025\/01\/cropped-Icone-apsh-1.png","contentUrl":"https:\/\/eccleblog.apsh34.org\/wp-content\/uploads\/2025\/01\/cropped-Icone-apsh-1.png","width":512,"height":512,"caption":"Blog du foyer de vie Camille Claudel - APSH34"},"image":{"@id":"https:\/\/eccleblog.apsh34.org\/#\/schema\/logo\/image\/"},"sameAs":["https:\/\/www.facebook.com\/apsh34","https:\/\/www.linkedin.com\/company\/apsh34\/","https:\/\/www.instagram.com\/apsh34_association\/","https:\/\/www.youtube.com\/@apsh34"]},{"@type":"Person","@id":"https:\/\/eccleblog.apsh34.org\/#\/schema\/person\/f6fb767e779cd7f8cebc492dcfb0c8be","name":"Sofya","image":{"@type":"ImageObject","inLanguage":"fr-FR","@id":"https:\/\/eccleblog.apsh34.org\/#\/schema\/person\/image\/","url":"https:\/\/secure.gravatar.com\/avatar\/38f248e8976d46ef6ccb70cba6f8d069c98c0d0ed9f39d3c7f286dc8ccd97586?s=96&d=mm&r=g","contentUrl":"https:\/\/secure.gravatar.com\/avatar\/38f248e8976d46ef6ccb70cba6f8d069c98c0d0ed9f39d3c7f286dc8ccd97586?s=96&d=mm&r=g","caption":"Sofya"},"sameAs":["http:\/\/vbixuwd.cluster100.hosting.ovh.net"],"url":"https:\/\/eccleblog.apsh34.org\/index.php\/author\/admin7778\/"}]}},"_links":{"self":[{"href":"https:\/\/eccleblog.apsh34.org\/index.php\/wp-json\/wp\/v2\/posts\/57","targetHints":{"allow":["GET"]}}],"collection":[{"href":"https:\/\/eccleblog.apsh34.org\/index.php\/wp-json\/wp\/v2\/posts"}],"about":[{"href":"https:\/\/eccleblog.apsh34.org\/index.php\/wp-json\/wp\/v2\/types\/post"}],"author":[{"embeddable":true,"href":"https:\/\/eccleblog.apsh34.org\/index.php\/wp-json\/wp\/v2\/users\/1"}],"replies":[{"embeddable":true,"href":"https:\/\/eccleblog.apsh34.org\/index.php\/wp-json\/wp\/v2\/comments?post=57"}],"version-history":[{"count":0,"href":"https:\/\/eccleblog.apsh34.org\/index.php\/wp-json\/wp\/v2\/posts\/57\/revisions"}],"wp:featuredmedia":[{"embeddable":true,"href":"https:\/\/eccleblog.apsh34.org\/index.php\/wp-json\/wp\/v2\/media\/61"}],"wp:attachment":[{"href":"https:\/\/eccleblog.apsh34.org\/index.php\/wp-json\/wp\/v2\/media?parent=57"}],"wp:term":[{"taxonomy":"category","embeddable":true,"href":"https:\/\/eccleblog.apsh34.org\/index.php\/wp-json\/wp\/v2\/categories?post=57"},{"taxonomy":"post_tag","embeddable":true,"href":"https:\/\/eccleblog.apsh34.org\/index.php\/wp-json\/wp\/v2\/tags?post=57"}],"curies":[{"name":"wp","href":"https:\/\/api.w.org\/{rel}","templated":true}]}}