{"id":638,"date":"2025-08-27T14:37:01","date_gmt":"2025-08-27T12:37:01","guid":{"rendered":"https:\/\/eccleblog.apsh34.org\/?p=638"},"modified":"2026-02-02T12:32:32","modified_gmt":"2026-02-02T11:32:32","slug":"clermont-herault-urban-trail","status":"publish","type":"post","link":"https:\/\/eccleblog.apsh34.org\/index.php\/2025\/08\/27\/clermont-herault-urban-trail\/","title":{"rendered":"Clermont H\u00e9rault Urban Trail"},"content":{"rendered":"\n<p>Le 14 juin \u00e0 Clermont l\u2019H\u00e9rault a eu lieu le Clermont H\u00e9rault Urban Trail (C.H.U.T.).<\/p>\n\n\n\n<p>Nous avons particip\u00e9 \u00e0 cet \u00e9v\u00e9nement de diff\u00e9rentes fa\u00e7ons. Chacun s\u2019est inscrit sur l\u2019activit\u00e9 qu\u2019il pr\u00e9f\u00e9rait.<\/p>\n\n\n\n<p>Voici leurs impressions recueillies par notre \u00e9quipe\u00a0:<\/p>\n\n\n\n<p>LES SPECTATEURS<\/p>\n\n\n\n<p>Daniel L&nbsp;: j\u2019ai mang\u00e9 des bonbons en regardant les coureurs passer.<\/p>\n\n\n\n<p>Hubert&nbsp;: j\u2019ai vue des amis j\u2019\u00e9tais content.<\/p>\n\n\n\n<p>LE RAVITAILLEMENT&nbsp;<\/p>\n\n\n\n<p>Emeline : \u00e7a m\u2019a beaucoup plus, c\u2019\u00e9tait bien. Le fait qu\u2019on aille vite, on s\u2019est organis\u00e9. On \u00e9tait efficace. J\u2019\u00e9tais contente, les coureurs nous ont remerci\u00e9 et le soir c\u2019\u00e9tait mieux, l\u2019apr\u00e8s-midi il faisait chaud. Ils ont dit c\u2019est super ce qu\u2019on a fait.<\/p>\n\n\n\n<p>Ilona&nbsp;: j\u2019ai ador\u00e9 la soir\u00e9e, il y avait plein de chose \u00e0 manger.<\/p>\n\n\n\n<p>Camille&nbsp;: j\u2019ai kiff\u00e9, j\u2019adore les encourager.<\/p>\n\n\n\n<p>LA RANDONNEE<\/p>\n\n\n\n<p>Steven\u00a0: on est pass\u00e9 devant l\u2019EHPAD, on a vu Eric et Yvon, des anciens r\u00e9sidents de l\u2019EANM.<\/p>\n\n\n\n<p>Terence&nbsp;: j\u2019ai fait la marche l\u2019apr\u00e8s-midi, j\u2019ai eu chaud, je suis venu boire au ravitaillement sur les foyers, puis j\u2019ai repris la marche. Le soir j\u2019ai encourag\u00e9 les coureurs et je ramenais les bouteilles d\u2019eau fraiche.<\/p>\n\n\n\n<p>St\u00e9phane&nbsp;H : j\u2019ai fait la randonn\u00e9e l\u2019apr\u00e8s-midi, mais j\u2019avais trop chaud, je n\u2019ai pas fini le circuit, j\u2019ai pr\u00e9f\u00e9r\u00e9 rester au foyer apr\u00e8s le ravitaillement.<\/p>\n\n\n\n<p>Arthur&nbsp;: c\u2019\u00e9tait bien, j\u2019ai fait la randonn\u00e9e c\u2019\u00e9tait top, on est pass\u00e9 par la ramasse, mais il faisait tr\u00e8s chaud. Bernard et Bastien \u00e9taient avec nous. Le soir j\u2019ai fait le ravitaillement, il fallait donner \u00e0 boire aux coureurs, \u00e7a allait vite, j\u2019\u00e9tais avec marine. J\u2019allais aussi chercher l\u2019eau fraiche dans les foyers, pour recharger les stocks.<\/p>\n\n\n\n<p>Damien&nbsp;: j\u2019ai fait une longue marche, j\u2019avais chaud, on est mont\u00e9 dans la ramasse, on a march\u00e9 dans les collines. J\u2019ai aid\u00e9 \u00e0 pousser la jo\u00eblette avec Juliette dessus. Le soir j\u2019ai applaudi les coureurs et j\u2019ai servi \u00e0 boire, et le tri s\u00e9lectif.<\/p>\n\n\n\n<p>Magalie&nbsp;: moi j\u2019ai particip\u00e9 au rangement, on a tout remis \u00e0 sa place.<a><\/a><\/p>\n\n\n\n<p>LA COURSE 5 KM&nbsp;<\/p>\n\n\n\n<p>Pierre F&nbsp;: c\u2019\u00e9tait bien, la course c\u2019\u00e9tait dur je n\u2019ai pas termin\u00e9, le soir j\u2019ai ador\u00e9 encourager les coureurs.<\/p>\n\n\n\n<p>Jonathan: Au d\u00e9but, l\u2019ambiance \u00e9tait bien, la musique. J\u2019\u00e9tais hyper stress\u00e9, mais un stress positif. Pendant la course, j\u2019ai parl\u00e9 avec des coureurs, j\u2019ai appr\u00e9ci\u00e9 la course. J\u2019ai envie d\u2019en faire d\u2019autres. \u00c7a m\u2019a plu. C\u2019\u00e9tait dur mais j\u2019ai aim\u00e9 me d\u00e9passer.<\/p>\n\n\n\n<p class=\"has-text-align-center\">Nous tenons \u00e0 f\u00e9liciter tous les participants et particuli\u00e8rement Jonathan pour la pr\u00e9paration qui a effectuer seul et sa performance du jour !<\/p>\n\n\n\n<figure class=\"wp-block-video\"><video height=\"1080\" style=\"aspect-ratio: 1920 \/ 1080;\" width=\"1920\" controls src=\"https:\/\/eccleblog.apsh34.org\/wp-content\/uploads\/2025\/07\/20250614_211826-1.mp4\"><\/video><\/figure>\n","protected":false},"excerpt":{"rendered":"<p>Le 14 juin \u00e0 Clermont l\u2019H\u00e9rault a eu lieu le Clermont H\u00e9rault Urban Trail (C.H.U.T.). Nous avons particip\u00e9 \u00e0 cet \u00e9v\u00e9nement de diff\u00e9rentes fa\u00e7ons. Chacun s\u2019est inscrit sur l\u2019activit\u00e9 qu\u2019il [&hellip;]<\/p>\n","protected":false},"author":5,"featured_media":644,"comment_status":"closed","ping_status":"open","sticky":false,"template":"","format":"standard","meta":{"_EventAllDay":false,"_EventTimezone":"","_EventStartDate":"","_EventEndDate":"","_EventStartDateUTC":"","_EventEndDateUTC":"","_EventShowMap":false,"_EventShowMapLink":false,"_EventURL":"","_EventCost":"","_EventCostDescription":"","_EventCurrencySymbol":"","_EventCurrencyCode":"","_EventCurrencyPosition":"","_EventDateTimeSeparator":"","_EventTimeRangeSeparator":"","_EventOrganizerID":[],"_EventVenueID":[],"_OrganizerEmail":"","_OrganizerPhone":"","_OrganizerWebsite":"","_VenueAddress":"","_VenueCity":"","_VenueCountry":"","_VenueProvince":"","_VenueState":"","_VenueZip":"","_VenuePhone":"","_VenueURL":"","_VenueStateProvince":"","_VenueLat":"","_VenueLng":"","_VenueShowMap":false,"_VenueShowMapLink":false,"footnotes":""},"categories":[16],"tags":[],"class_list":["post-638","post","type-post","status-publish","format-standard","has-post-thumbnail","hentry","category-nos-evenements"],"yoast_head":"<!-- This site is optimized with the Yoast SEO plugin v25.0 - https:\/\/yoast.com\/wordpress\/plugins\/seo\/ -->\n<title>Clermont H\u00e9rault Urban Trail - Blog du foyer de vie Camille Claudel<\/title>\n<meta name=\"robots\" content=\"index, follow, max-snippet:-1, max-image-preview:large, max-video-preview:-1\" \/>\n<link rel=\"canonical\" href=\"https:\/\/eccleblog.apsh34.org\/index.php\/2025\/08\/27\/clermont-herault-urban-trail\/\" \/>\n<meta property=\"og:locale\" content=\"fr_FR\" \/>\n<meta property=\"og:type\" content=\"article\" \/>\n<meta property=\"og:title\" content=\"Clermont H\u00e9rault Urban Trail - Blog du foyer de vie Camille Claudel\" \/>\n<meta property=\"og:description\" content=\"Le 14 juin \u00e0 Clermont l\u2019H\u00e9rault a eu lieu le Clermont H\u00e9rault Urban Trail (C.H.U.T.). Nous avons particip\u00e9 \u00e0 cet \u00e9v\u00e9nement de diff\u00e9rentes fa\u00e7ons. Chacun s\u2019est inscrit sur l\u2019activit\u00e9 qu\u2019il [&hellip;]\" \/>\n<meta property=\"og:url\" content=\"https:\/\/eccleblog.apsh34.org\/index.php\/2025\/08\/27\/clermont-herault-urban-trail\/\" \/>\n<meta property=\"og:site_name\" content=\"Blog du foyer de vie Camille Claudel\" \/>\n<meta property=\"article:publisher\" content=\"https:\/\/www.facebook.com\/apsh34\" \/>\n<meta property=\"article:published_time\" content=\"2025-08-27T12:37:01+00:00\" \/>\n<meta property=\"article:modified_time\" content=\"2026-02-02T11:32:32+00:00\" \/>\n<meta property=\"og:image\" content=\"https:\/\/eccleblog.apsh34.org\/wp-content\/uploads\/2025\/07\/20250614_145910-scaled.jpg\" \/>\n\t<meta property=\"og:image:width\" content=\"2560\" \/>\n\t<meta property=\"og:image:height\" content=\"1920\" \/>\n\t<meta property=\"og:image:type\" content=\"image\/jpeg\" \/>\n<meta name=\"author\" content=\"S\u00e9verine Educ\" \/>\n<meta name=\"twitter:card\" content=\"summary_large_image\" \/>\n<meta name=\"twitter:label1\" content=\"\u00c9crit par\" \/>\n\t<meta name=\"twitter:data1\" content=\"S\u00e9verine Educ\" \/>\n\t<meta name=\"twitter:label2\" content=\"Dur\u00e9e de lecture estim\u00e9e\" \/>\n\t<meta name=\"twitter:data2\" content=\"3 minutes\" \/>\n<script type=\"application\/ld+json\" class=\"yoast-schema-graph\">{\"@context\":\"https:\/\/schema.org\",\"@graph\":[{\"@type\":\"Article\",\"@id\":\"https:\/\/eccleblog.apsh34.org\/index.php\/2025\/08\/27\/clermont-herault-urban-trail\/#article\",\"isPartOf\":{\"@id\":\"https:\/\/eccleblog.apsh34.org\/index.php\/2025\/08\/27\/clermont-herault-urban-trail\/\"},\"author\":{\"name\":\"S\u00e9verine Educ\",\"@id\":\"https:\/\/eccleblog.apsh34.org\/#\/schema\/person\/09c163a296b703843907a30a962c58ce\"},\"headline\":\"Clermont H\u00e9rault Urban Trail\",\"datePublished\":\"2025-08-27T12:37:01+00:00\",\"dateModified\":\"2026-02-02T11:32:32+00:00\",\"mainEntityOfPage\":{\"@id\":\"https:\/\/eccleblog.apsh34.org\/index.php\/2025\/08\/27\/clermont-herault-urban-trail\/\"},\"wordCount\":499,\"publisher\":{\"@id\":\"https:\/\/eccleblog.apsh34.org\/#organization\"},\"image\":{\"@id\":\"https:\/\/eccleblog.apsh34.org\/index.php\/2025\/08\/27\/clermont-herault-urban-trail\/#primaryimage\"},\"thumbnailUrl\":\"https:\/\/eccleblog.apsh34.org\/wp-content\/uploads\/2025\/07\/20250614_145910-scaled.jpg\",\"articleSection\":[\"Actualit\u00e9s\"],\"inLanguage\":\"fr-FR\"},{\"@type\":\"WebPage\",\"@id\":\"https:\/\/eccleblog.apsh34.org\/index.php\/2025\/08\/27\/clermont-herault-urban-trail\/\",\"url\":\"https:\/\/eccleblog.apsh34.org\/index.php\/2025\/08\/27\/clermont-herault-urban-trail\/\",\"name\":\"Clermont H\u00e9rault Urban Trail - Blog du foyer de vie Camille Claudel\",\"isPartOf\":{\"@id\":\"https:\/\/eccleblog.apsh34.org\/#website\"},\"primaryImageOfPage\":{\"@id\":\"https:\/\/eccleblog.apsh34.org\/index.php\/2025\/08\/27\/clermont-herault-urban-trail\/#primaryimage\"},\"image\":{\"@id\":\"https:\/\/eccleblog.apsh34.org\/index.php\/2025\/08\/27\/clermont-herault-urban-trail\/#primaryimage\"},\"thumbnailUrl\":\"https:\/\/eccleblog.apsh34.org\/wp-content\/uploads\/2025\/07\/20250614_145910-scaled.jpg\",\"datePublished\":\"2025-08-27T12:37:01+00:00\",\"dateModified\":\"2026-02-02T11:32:32+00:00\",\"breadcrumb\":{\"@id\":\"https:\/\/eccleblog.apsh34.org\/index.php\/2025\/08\/27\/clermont-herault-urban-trail\/#breadcrumb\"},\"inLanguage\":\"fr-FR\",\"potentialAction\":[{\"@type\":\"ReadAction\",\"target\":[\"https:\/\/eccleblog.apsh34.org\/index.php\/2025\/08\/27\/clermont-herault-urban-trail\/\"]}]},{\"@type\":\"ImageObject\",\"inLanguage\":\"fr-FR\",\"@id\":\"https:\/\/eccleblog.apsh34.org\/index.php\/2025\/08\/27\/clermont-herault-urban-trail\/#primaryimage\",\"url\":\"https:\/\/eccleblog.apsh34.org\/wp-content\/uploads\/2025\/07\/20250614_145910-scaled.jpg\",\"contentUrl\":\"https:\/\/eccleblog.apsh34.org\/wp-content\/uploads\/2025\/07\/20250614_145910-scaled.jpg\",\"width\":2560,\"height\":1920},{\"@type\":\"BreadcrumbList\",\"@id\":\"https:\/\/eccleblog.apsh34.org\/index.php\/2025\/08\/27\/clermont-herault-urban-trail\/#breadcrumb\",\"itemListElement\":[{\"@type\":\"ListItem\",\"position\":1,\"name\":\"Accueil\",\"item\":\"https:\/\/eccleblog.apsh34.org\/\"},{\"@type\":\"ListItem\",\"position\":2,\"name\":\"Clermont H\u00e9rault Urban Trail\"}]},{\"@type\":\"WebSite\",\"@id\":\"https:\/\/eccleblog.apsh34.org\/#website\",\"url\":\"https:\/\/eccleblog.apsh34.org\/\",\"name\":\"Blog du foyer de vie Camille Claudel - APSH34\",\"description\":\"Les couleurs de nos vies\",\"publisher\":{\"@id\":\"https:\/\/eccleblog.apsh34.org\/#organization\"},\"potentialAction\":[{\"@type\":\"SearchAction\",\"target\":{\"@type\":\"EntryPoint\",\"urlTemplate\":\"https:\/\/eccleblog.apsh34.org\/?s={search_term_string}\"},\"query-input\":{\"@type\":\"PropertyValueSpecification\",\"valueRequired\":true,\"valueName\":\"search_term_string\"}}],\"inLanguage\":\"fr-FR\"},{\"@type\":\"Organization\",\"@id\":\"https:\/\/eccleblog.apsh34.org\/#organization\",\"name\":\"Blog du foyer de vie Camille Claudel - APSH34\",\"url\":\"https:\/\/eccleblog.apsh34.org\/\",\"logo\":{\"@type\":\"ImageObject\",\"inLanguage\":\"fr-FR\",\"@id\":\"https:\/\/eccleblog.apsh34.org\/#\/schema\/logo\/image\/\",\"url\":\"https:\/\/eccleblog.apsh34.org\/wp-content\/uploads\/2025\/01\/cropped-Icone-apsh-1.png\",\"contentUrl\":\"https:\/\/eccleblog.apsh34.org\/wp-content\/uploads\/2025\/01\/cropped-Icone-apsh-1.png\",\"width\":512,\"height\":512,\"caption\":\"Blog du foyer de vie Camille Claudel - APSH34\"},\"image\":{\"@id\":\"https:\/\/eccleblog.apsh34.org\/#\/schema\/logo\/image\/\"},\"sameAs\":[\"https:\/\/www.facebook.com\/apsh34\",\"https:\/\/www.linkedin.com\/company\/apsh34\/\",\"https:\/\/www.instagram.com\/apsh34_association\/\",\"https:\/\/www.youtube.com\/@apsh34\"]},{\"@type\":\"Person\",\"@id\":\"https:\/\/eccleblog.apsh34.org\/#\/schema\/person\/09c163a296b703843907a30a962c58ce\",\"name\":\"S\u00e9verine Educ\",\"image\":{\"@type\":\"ImageObject\",\"inLanguage\":\"fr-FR\",\"@id\":\"https:\/\/eccleblog.apsh34.org\/#\/schema\/person\/image\/\",\"url\":\"https:\/\/secure.gravatar.com\/avatar\/379b74d79db9166b61308c3e98568eac0829d68f38731414bbc6f3d08e9981b3?s=96&d=mm&r=g\",\"contentUrl\":\"https:\/\/secure.gravatar.com\/avatar\/379b74d79db9166b61308c3e98568eac0829d68f38731414bbc6f3d08e9981b3?s=96&d=mm&r=g\",\"caption\":\"S\u00e9verine Educ\"},\"url\":\"https:\/\/eccleblog.apsh34.org\/index.php\/author\/educato\/\"}]}<\/script>\n<!-- \/ Yoast SEO plugin. -->","yoast_head_json":{"title":"Clermont H\u00e9rault Urban Trail - Blog du foyer de vie Camille Claudel","robots":{"index":"index","follow":"follow","max-snippet":"max-snippet:-1","max-image-preview":"max-image-preview:large","max-video-preview":"max-video-preview:-1"},"canonical":"https:\/\/eccleblog.apsh34.org\/index.php\/2025\/08\/27\/clermont-herault-urban-trail\/","og_locale":"fr_FR","og_type":"article","og_title":"Clermont H\u00e9rault Urban Trail - Blog du foyer de vie Camille Claudel","og_description":"Le 14 juin \u00e0 Clermont l\u2019H\u00e9rault a eu lieu le Clermont H\u00e9rault Urban Trail (C.H.U.T.). Nous avons particip\u00e9 \u00e0 cet \u00e9v\u00e9nement de diff\u00e9rentes fa\u00e7ons. Chacun s\u2019est inscrit sur l\u2019activit\u00e9 qu\u2019il [&hellip;]","og_url":"https:\/\/eccleblog.apsh34.org\/index.php\/2025\/08\/27\/clermont-herault-urban-trail\/","og_site_name":"Blog du foyer de vie Camille Claudel","article_publisher":"https:\/\/www.facebook.com\/apsh34","article_published_time":"2025-08-27T12:37:01+00:00","article_modified_time":"2026-02-02T11:32:32+00:00","og_image":[{"width":2560,"height":1920,"url":"https:\/\/eccleblog.apsh34.org\/wp-content\/uploads\/2025\/07\/20250614_145910-scaled.jpg","type":"image\/jpeg"}],"author":"S\u00e9verine Educ","twitter_card":"summary_large_image","twitter_misc":{"\u00c9crit par":"S\u00e9verine Educ","Dur\u00e9e de lecture estim\u00e9e":"3 minutes"},"schema":{"@context":"https:\/\/schema.org","@graph":[{"@type":"Article","@id":"https:\/\/eccleblog.apsh34.org\/index.php\/2025\/08\/27\/clermont-herault-urban-trail\/#article","isPartOf":{"@id":"https:\/\/eccleblog.apsh34.org\/index.php\/2025\/08\/27\/clermont-herault-urban-trail\/"},"author":{"name":"S\u00e9verine Educ","@id":"https:\/\/eccleblog.apsh34.org\/#\/schema\/person\/09c163a296b703843907a30a962c58ce"},"headline":"Clermont H\u00e9rault Urban Trail","datePublished":"2025-08-27T12:37:01+00:00","dateModified":"2026-02-02T11:32:32+00:00","mainEntityOfPage":{"@id":"https:\/\/eccleblog.apsh34.org\/index.php\/2025\/08\/27\/clermont-herault-urban-trail\/"},"wordCount":499,"publisher":{"@id":"https:\/\/eccleblog.apsh34.org\/#organization"},"image":{"@id":"https:\/\/eccleblog.apsh34.org\/index.php\/2025\/08\/27\/clermont-herault-urban-trail\/#primaryimage"},"thumbnailUrl":"https:\/\/eccleblog.apsh34.org\/wp-content\/uploads\/2025\/07\/20250614_145910-scaled.jpg","articleSection":["Actualit\u00e9s"],"inLanguage":"fr-FR"},{"@type":"WebPage","@id":"https:\/\/eccleblog.apsh34.org\/index.php\/2025\/08\/27\/clermont-herault-urban-trail\/","url":"https:\/\/eccleblog.apsh34.org\/index.php\/2025\/08\/27\/clermont-herault-urban-trail\/","name":"Clermont H\u00e9rault Urban Trail - Blog du foyer de vie Camille Claudel","isPartOf":{"@id":"https:\/\/eccleblog.apsh34.org\/#website"},"primaryImageOfPage":{"@id":"https:\/\/eccleblog.apsh34.org\/index.php\/2025\/08\/27\/clermont-herault-urban-trail\/#primaryimage"},"image":{"@id":"https:\/\/eccleblog.apsh34.org\/index.php\/2025\/08\/27\/clermont-herault-urban-trail\/#primaryimage"},"thumbnailUrl":"https:\/\/eccleblog.apsh34.org\/wp-content\/uploads\/2025\/07\/20250614_145910-scaled.jpg","datePublished":"2025-08-27T12:37:01+00:00","dateModified":"2026-02-02T11:32:32+00:00","breadcrumb":{"@id":"https:\/\/eccleblog.apsh34.org\/index.php\/2025\/08\/27\/clermont-herault-urban-trail\/#breadcrumb"},"inLanguage":"fr-FR","potentialAction":[{"@type":"ReadAction","target":["https:\/\/eccleblog.apsh34.org\/index.php\/2025\/08\/27\/clermont-herault-urban-trail\/"]}]},{"@type":"ImageObject","inLanguage":"fr-FR","@id":"https:\/\/eccleblog.apsh34.org\/index.php\/2025\/08\/27\/clermont-herault-urban-trail\/#primaryimage","url":"https:\/\/eccleblog.apsh34.org\/wp-content\/uploads\/2025\/07\/20250614_145910-scaled.jpg","contentUrl":"https:\/\/eccleblog.apsh34.org\/wp-content\/uploads\/2025\/07\/20250614_145910-scaled.jpg","width":2560,"height":1920},{"@type":"BreadcrumbList","@id":"https:\/\/eccleblog.apsh34.org\/index.php\/2025\/08\/27\/clermont-herault-urban-trail\/#breadcrumb","itemListElement":[{"@type":"ListItem","position":1,"name":"Accueil","item":"https:\/\/eccleblog.apsh34.org\/"},{"@type":"ListItem","position":2,"name":"Clermont H\u00e9rault Urban Trail"}]},{"@type":"WebSite","@id":"https:\/\/eccleblog.apsh34.org\/#website","url":"https:\/\/eccleblog.apsh34.org\/","name":"Blog du foyer de vie Camille Claudel - APSH34","description":"Les couleurs de nos vies","publisher":{"@id":"https:\/\/eccleblog.apsh34.org\/#organization"},"potentialAction":[{"@type":"SearchAction","target":{"@type":"EntryPoint","urlTemplate":"https:\/\/eccleblog.apsh34.org\/?s={search_term_string}"},"query-input":{"@type":"PropertyValueSpecification","valueRequired":true,"valueName":"search_term_string"}}],"inLanguage":"fr-FR"},{"@type":"Organization","@id":"https:\/\/eccleblog.apsh34.org\/#organization","name":"Blog du foyer de vie Camille Claudel - APSH34","url":"https:\/\/eccleblog.apsh34.org\/","logo":{"@type":"ImageObject","inLanguage":"fr-FR","@id":"https:\/\/eccleblog.apsh34.org\/#\/schema\/logo\/image\/","url":"https:\/\/eccleblog.apsh34.org\/wp-content\/uploads\/2025\/01\/cropped-Icone-apsh-1.png","contentUrl":"https:\/\/eccleblog.apsh34.org\/wp-content\/uploads\/2025\/01\/cropped-Icone-apsh-1.png","width":512,"height":512,"caption":"Blog du foyer de vie Camille Claudel - APSH34"},"image":{"@id":"https:\/\/eccleblog.apsh34.org\/#\/schema\/logo\/image\/"},"sameAs":["https:\/\/www.facebook.com\/apsh34","https:\/\/www.linkedin.com\/company\/apsh34\/","https:\/\/www.instagram.com\/apsh34_association\/","https:\/\/www.youtube.com\/@apsh34"]},{"@type":"Person","@id":"https:\/\/eccleblog.apsh34.org\/#\/schema\/person\/09c163a296b703843907a30a962c58ce","name":"S\u00e9verine Educ","image":{"@type":"ImageObject","inLanguage":"fr-FR","@id":"https:\/\/eccleblog.apsh34.org\/#\/schema\/person\/image\/","url":"https:\/\/secure.gravatar.com\/avatar\/379b74d79db9166b61308c3e98568eac0829d68f38731414bbc6f3d08e9981b3?s=96&d=mm&r=g","contentUrl":"https:\/\/secure.gravatar.com\/avatar\/379b74d79db9166b61308c3e98568eac0829d68f38731414bbc6f3d08e9981b3?s=96&d=mm&r=g","caption":"S\u00e9verine Educ"},"url":"https:\/\/eccleblog.apsh34.org\/index.php\/author\/educato\/"}]}},"_links":{"self":[{"href":"https:\/\/eccleblog.apsh34.org\/index.php\/wp-json\/wp\/v2\/posts\/638","targetHints":{"allow":["GET"]}}],"collection":[{"href":"https:\/\/eccleblog.apsh34.org\/index.php\/wp-json\/wp\/v2\/posts"}],"about":[{"href":"https:\/\/eccleblog.apsh34.org\/index.php\/wp-json\/wp\/v2\/types\/post"}],"author":[{"embeddable":true,"href":"https:\/\/eccleblog.apsh34.org\/index.php\/wp-json\/wp\/v2\/users\/5"}],"replies":[{"embeddable":true,"href":"https:\/\/eccleblog.apsh34.org\/index.php\/wp-json\/wp\/v2\/comments?post=638"}],"version-history":[{"count":5,"href":"https:\/\/eccleblog.apsh34.org\/index.php\/wp-json\/wp\/v2\/posts\/638\/revisions"}],"predecessor-version":[{"id":649,"href":"https:\/\/eccleblog.apsh34.org\/index.php\/wp-json\/wp\/v2\/posts\/638\/revisions\/649"}],"wp:featuredmedia":[{"embeddable":true,"href":"https:\/\/eccleblog.apsh34.org\/index.php\/wp-json\/wp\/v2\/media\/644"}],"wp:attachment":[{"href":"https:\/\/eccleblog.apsh34.org\/index.php\/wp-json\/wp\/v2\/media?parent=638"}],"wp:term":[{"taxonomy":"category","embeddable":true,"href":"https:\/\/eccleblog.apsh34.org\/index.php\/wp-json\/wp\/v2\/categories?post=638"},{"taxonomy":"post_tag","embeddable":true,"href":"https:\/\/eccleblog.apsh34.org\/index.php\/wp-json\/wp\/v2\/tags?post=638"}],"curies":[{"name":"wp","href":"https:\/\/api.w.org\/{rel}","templated":true}]}}