{"id":653,"date":"2026-01-12T15:29:30","date_gmt":"2026-01-12T14:29:30","guid":{"rendered":"https:\/\/eccleblog.apsh34.org\/?p=653"},"modified":"2026-02-18T14:59:52","modified_gmt":"2026-02-18T13:59:52","slug":"activite-mediation-animale","status":"publish","type":"post","link":"https:\/\/eccleblog.apsh34.org\/index.php\/2026\/01\/12\/activite-mediation-animale\/","title":{"rendered":"Atelier M\u00e9diation Animale"},"content":{"rendered":"\n<figure class=\"wp-block-image aligncenter size-large is-resized\"><img loading=\"lazy\" decoding=\"async\" width=\"794\" height=\"1024\" src=\"https:\/\/eccleblog.apsh34.org\/wp-content\/uploads\/2025\/10\/1000013781-scaled-e1763389272519-794x1024.jpg\" alt=\"\" class=\"wp-image-663\" style=\"width:302px;height:auto\" srcset=\"https:\/\/eccleblog.apsh34.org\/wp-content\/uploads\/2025\/10\/1000013781-scaled-e1763389272519-794x1024.jpg 794w, https:\/\/eccleblog.apsh34.org\/wp-content\/uploads\/2025\/10\/1000013781-scaled-e1763389272519-233x300.jpg 233w, https:\/\/eccleblog.apsh34.org\/wp-content\/uploads\/2025\/10\/1000013781-scaled-e1763389272519-768x990.jpg 768w, https:\/\/eccleblog.apsh34.org\/wp-content\/uploads\/2025\/10\/1000013781-scaled-e1763389272519-1191x1536.jpg 1191w, https:\/\/eccleblog.apsh34.org\/wp-content\/uploads\/2025\/10\/1000013781-scaled-e1763389272519-1588x2048.jpg 1588w, https:\/\/eccleblog.apsh34.org\/wp-content\/uploads\/2025\/10\/1000013781-scaled-e1763389272519-1200x1548.jpg 1200w, https:\/\/eccleblog.apsh34.org\/wp-content\/uploads\/2025\/10\/1000013781-scaled-e1763389272519.jpg 1830w\" sizes=\"auto, (max-width: 794px) 100vw, 794px\" \/><\/figure>\n\n\n\n<p>L&rsquo;activit\u00e9 se d\u00e9roule le lundi matin. Il y a deux groupes cette ann\u00e9e, car nous \u00e9tions beaucoup \u00e0 vouloir y participer. <\/p>\n\n\n\n<p>Il y a un groupe avec S\u00e9verine et un second avec Claire. Ce sont elles qui nous accompagnent. <\/p>\n\n\n\n<p>Nous alternons les partenaires ext\u00e9rieurs un lundi sur deux : <\/p>\n\n\n\n<ul class=\"wp-block-list\">\n<li>avec S\u00e9verine, notre intervenante est S\u00e9verine, de la ferme de S\u00e9vy ou Sylvie, de Becompere Happy.<\/li>\n<\/ul>\n\n\n\n<ul class=\"wp-block-list\">\n<li>avec Claire, notre intervenante est Delphine au Poney Club de Lacoste et aussi S\u00e9verine, de la Ferme de Sevy de St Pargoire.<\/li>\n<\/ul>\n\n\n\n<p>A la ferme de S\u00e9vy, nous sommes en immersion aupr\u00e8s des ch\u00e8vres, des \u00e2nes, des poules, des lapins et des cochons d&rsquo;inde. On s&rsquo;occuper de les brosser, de leur donner de la nourriture ou de nettoyer l&rsquo;enclos des ch\u00e8vres.  Nous allons balader les chiens aussi.<\/p>\n\n\n\n<p>Sylvie a eu une ferme itin\u00e9rante. La m\u00e9diation animale a lieu \u00e0 l&rsquo;EANM ou \u00e0 St F\u00e9lix de Lodez. Lorsqu&rsquo;elle vient \u00e0 l&rsquo;EANM, Sylvie am\u00e8ne avec elle deux lapins, deux cochons d&rsquo;indes, deux poules et son chien Riu. Nous pouvons caresser les petits animaux, leur donner \u00e0 manger et nous faisons de l&rsquo;agility avec Riu. Lorsqu&rsquo;on va \u00e0 St Felix de Lodez, on se rend dans un enclos o\u00f9 se trouvent aussi 4 poneys.<\/p>\n\n\n\n<p>Au poney club, Delphine nous accueille et nous accompagne pour brosser les poneys, passer les cure-pieds, puis \u00e9quiper les poneys de tapis et de poign\u00e9es. Nous accompagnons et guidons les poneys sur un parcours de mobilit\u00e9. <\/p>\n\n\n\n<p>On adore cette activit\u00e9 et le contact avec les animaux.<\/p>\n\n\n\n<p class=\"has-text-align-right\">Fait par Steven et Mathilde.<\/p>\n","protected":false},"excerpt":{"rendered":"<p>L&rsquo;activit\u00e9 se d\u00e9roule le lundi matin. Il y a deux groupes cette ann\u00e9e, car nous \u00e9tions beaucoup \u00e0 vouloir y participer. Il y a un groupe avec S\u00e9verine et un [&hellip;]<\/p>\n","protected":false},"author":5,"featured_media":662,"comment_status":"closed","ping_status":"open","sticky":false,"template":"","format":"standard","meta":{"_EventAllDay":false,"_EventTimezone":"","_EventStartDate":"","_EventEndDate":"","_EventStartDateUTC":"","_EventEndDateUTC":"","_EventShowMap":false,"_EventShowMapLink":false,"_EventURL":"","_EventCost":"","_EventCostDescription":"","_EventCurrencySymbol":"","_EventCurrencyCode":"","_EventCurrencyPosition":"","_EventDateTimeSeparator":"","_EventTimeRangeSeparator":"","_EventOrganizerID":[],"_EventVenueID":[],"_OrganizerEmail":"","_OrganizerPhone":"","_OrganizerWebsite":"","_VenueAddress":"","_VenueCity":"","_VenueCountry":"","_VenueProvince":"","_VenueState":"","_VenueZip":"","_VenuePhone":"","_VenueURL":"","_VenueStateProvince":"","_VenueLat":"","_VenueLng":"","_VenueShowMap":false,"_VenueShowMapLink":false,"footnotes":""},"categories":[2],"tags":[],"class_list":["post-653","post","type-post","status-publish","format-standard","has-post-thumbnail","hentry","category-activites"],"yoast_head":"<!-- This site is optimized with the Yoast SEO plugin v25.0 - https:\/\/yoast.com\/wordpress\/plugins\/seo\/ -->\n<title>Atelier M\u00e9diation Animale - Blog du foyer de vie Camille Claudel<\/title>\n<meta name=\"robots\" content=\"index, follow, max-snippet:-1, max-image-preview:large, max-video-preview:-1\" \/>\n<link rel=\"canonical\" href=\"https:\/\/eccleblog.apsh34.org\/index.php\/2026\/01\/12\/activite-mediation-animale\/\" \/>\n<meta property=\"og:locale\" content=\"fr_FR\" \/>\n<meta property=\"og:type\" content=\"article\" \/>\n<meta property=\"og:title\" content=\"Atelier M\u00e9diation Animale - Blog du foyer de vie Camille Claudel\" \/>\n<meta property=\"og:description\" content=\"L&rsquo;activit\u00e9 se d\u00e9roule le lundi matin. Il y a deux groupes cette ann\u00e9e, car nous \u00e9tions beaucoup \u00e0 vouloir y participer. Il y a un groupe avec S\u00e9verine et un [&hellip;]\" \/>\n<meta property=\"og:url\" content=\"https:\/\/eccleblog.apsh34.org\/index.php\/2026\/01\/12\/activite-mediation-animale\/\" \/>\n<meta property=\"og:site_name\" content=\"Blog du foyer de vie Camille Claudel\" \/>\n<meta property=\"article:publisher\" content=\"https:\/\/www.facebook.com\/apsh34\" \/>\n<meta property=\"article:published_time\" content=\"2026-01-12T14:29:30+00:00\" \/>\n<meta property=\"article:modified_time\" content=\"2026-02-18T13:59:52+00:00\" \/>\n<meta property=\"og:image\" content=\"https:\/\/eccleblog.apsh34.org\/wp-content\/uploads\/2025\/10\/1000013792-scaled-e1763389222544.jpg\" \/>\n\t<meta property=\"og:image:width\" content=\"1835\" \/>\n\t<meta property=\"og:image:height\" content=\"1860\" \/>\n\t<meta property=\"og:image:type\" content=\"image\/jpeg\" \/>\n<meta name=\"author\" content=\"S\u00e9verine Educ\" \/>\n<meta name=\"twitter:card\" content=\"summary_large_image\" \/>\n<meta name=\"twitter:label1\" content=\"\u00c9crit par\" \/>\n\t<meta name=\"twitter:data1\" content=\"S\u00e9verine Educ\" \/>\n\t<meta name=\"twitter:label2\" content=\"Dur\u00e9e de lecture estim\u00e9e\" \/>\n\t<meta name=\"twitter:data2\" content=\"2 minutes\" \/>\n<script type=\"application\/ld+json\" class=\"yoast-schema-graph\">{\"@context\":\"https:\/\/schema.org\",\"@graph\":[{\"@type\":\"Article\",\"@id\":\"https:\/\/eccleblog.apsh34.org\/index.php\/2026\/01\/12\/activite-mediation-animale\/#article\",\"isPartOf\":{\"@id\":\"https:\/\/eccleblog.apsh34.org\/index.php\/2026\/01\/12\/activite-mediation-animale\/\"},\"author\":{\"name\":\"S\u00e9verine Educ\",\"@id\":\"https:\/\/eccleblog.apsh34.org\/#\/schema\/person\/09c163a296b703843907a30a962c58ce\"},\"headline\":\"Atelier M\u00e9diation Animale\",\"datePublished\":\"2026-01-12T14:29:30+00:00\",\"dateModified\":\"2026-02-18T13:59:52+00:00\",\"mainEntityOfPage\":{\"@id\":\"https:\/\/eccleblog.apsh34.org\/index.php\/2026\/01\/12\/activite-mediation-animale\/\"},\"wordCount\":280,\"publisher\":{\"@id\":\"https:\/\/eccleblog.apsh34.org\/#organization\"},\"image\":{\"@id\":\"https:\/\/eccleblog.apsh34.org\/index.php\/2026\/01\/12\/activite-mediation-animale\/#primaryimage\"},\"thumbnailUrl\":\"https:\/\/eccleblog.apsh34.org\/wp-content\/uploads\/2025\/10\/1000013792-scaled-e1763389222544.jpg\",\"articleSection\":[\"Nos activit\u00e9s\"],\"inLanguage\":\"fr-FR\"},{\"@type\":\"WebPage\",\"@id\":\"https:\/\/eccleblog.apsh34.org\/index.php\/2026\/01\/12\/activite-mediation-animale\/\",\"url\":\"https:\/\/eccleblog.apsh34.org\/index.php\/2026\/01\/12\/activite-mediation-animale\/\",\"name\":\"Atelier M\u00e9diation Animale - Blog du foyer de vie Camille Claudel\",\"isPartOf\":{\"@id\":\"https:\/\/eccleblog.apsh34.org\/#website\"},\"primaryImageOfPage\":{\"@id\":\"https:\/\/eccleblog.apsh34.org\/index.php\/2026\/01\/12\/activite-mediation-animale\/#primaryimage\"},\"image\":{\"@id\":\"https:\/\/eccleblog.apsh34.org\/index.php\/2026\/01\/12\/activite-mediation-animale\/#primaryimage\"},\"thumbnailUrl\":\"https:\/\/eccleblog.apsh34.org\/wp-content\/uploads\/2025\/10\/1000013792-scaled-e1763389222544.jpg\",\"datePublished\":\"2026-01-12T14:29:30+00:00\",\"dateModified\":\"2026-02-18T13:59:52+00:00\",\"breadcrumb\":{\"@id\":\"https:\/\/eccleblog.apsh34.org\/index.php\/2026\/01\/12\/activite-mediation-animale\/#breadcrumb\"},\"inLanguage\":\"fr-FR\",\"potentialAction\":[{\"@type\":\"ReadAction\",\"target\":[\"https:\/\/eccleblog.apsh34.org\/index.php\/2026\/01\/12\/activite-mediation-animale\/\"]}]},{\"@type\":\"ImageObject\",\"inLanguage\":\"fr-FR\",\"@id\":\"https:\/\/eccleblog.apsh34.org\/index.php\/2026\/01\/12\/activite-mediation-animale\/#primaryimage\",\"url\":\"https:\/\/eccleblog.apsh34.org\/wp-content\/uploads\/2025\/10\/1000013792-scaled-e1763389222544.jpg\",\"contentUrl\":\"https:\/\/eccleblog.apsh34.org\/wp-content\/uploads\/2025\/10\/1000013792-scaled-e1763389222544.jpg\",\"width\":1835,\"height\":1860},{\"@type\":\"BreadcrumbList\",\"@id\":\"https:\/\/eccleblog.apsh34.org\/index.php\/2026\/01\/12\/activite-mediation-animale\/#breadcrumb\",\"itemListElement\":[{\"@type\":\"ListItem\",\"position\":1,\"name\":\"Accueil\",\"item\":\"https:\/\/eccleblog.apsh34.org\/\"},{\"@type\":\"ListItem\",\"position\":2,\"name\":\"Atelier M\u00e9diation Animale\"}]},{\"@type\":\"WebSite\",\"@id\":\"https:\/\/eccleblog.apsh34.org\/#website\",\"url\":\"https:\/\/eccleblog.apsh34.org\/\",\"name\":\"Blog du foyer de vie Camille Claudel - APSH34\",\"description\":\"Les couleurs de nos vies\",\"publisher\":{\"@id\":\"https:\/\/eccleblog.apsh34.org\/#organization\"},\"potentialAction\":[{\"@type\":\"SearchAction\",\"target\":{\"@type\":\"EntryPoint\",\"urlTemplate\":\"https:\/\/eccleblog.apsh34.org\/?s={search_term_string}\"},\"query-input\":{\"@type\":\"PropertyValueSpecification\",\"valueRequired\":true,\"valueName\":\"search_term_string\"}}],\"inLanguage\":\"fr-FR\"},{\"@type\":\"Organization\",\"@id\":\"https:\/\/eccleblog.apsh34.org\/#organization\",\"name\":\"Blog du foyer de vie Camille Claudel - APSH34\",\"url\":\"https:\/\/eccleblog.apsh34.org\/\",\"logo\":{\"@type\":\"ImageObject\",\"inLanguage\":\"fr-FR\",\"@id\":\"https:\/\/eccleblog.apsh34.org\/#\/schema\/logo\/image\/\",\"url\":\"https:\/\/eccleblog.apsh34.org\/wp-content\/uploads\/2025\/01\/cropped-Icone-apsh-1.png\",\"contentUrl\":\"https:\/\/eccleblog.apsh34.org\/wp-content\/uploads\/2025\/01\/cropped-Icone-apsh-1.png\",\"width\":512,\"height\":512,\"caption\":\"Blog du foyer de vie Camille Claudel - APSH34\"},\"image\":{\"@id\":\"https:\/\/eccleblog.apsh34.org\/#\/schema\/logo\/image\/\"},\"sameAs\":[\"https:\/\/www.facebook.com\/apsh34\",\"https:\/\/www.linkedin.com\/company\/apsh34\/\",\"https:\/\/www.instagram.com\/apsh34_association\/\",\"https:\/\/www.youtube.com\/@apsh34\"]},{\"@type\":\"Person\",\"@id\":\"https:\/\/eccleblog.apsh34.org\/#\/schema\/person\/09c163a296b703843907a30a962c58ce\",\"name\":\"S\u00e9verine Educ\",\"image\":{\"@type\":\"ImageObject\",\"inLanguage\":\"fr-FR\",\"@id\":\"https:\/\/eccleblog.apsh34.org\/#\/schema\/person\/image\/\",\"url\":\"https:\/\/secure.gravatar.com\/avatar\/379b74d79db9166b61308c3e98568eac0829d68f38731414bbc6f3d08e9981b3?s=96&d=mm&r=g\",\"contentUrl\":\"https:\/\/secure.gravatar.com\/avatar\/379b74d79db9166b61308c3e98568eac0829d68f38731414bbc6f3d08e9981b3?s=96&d=mm&r=g\",\"caption\":\"S\u00e9verine Educ\"},\"url\":\"https:\/\/eccleblog.apsh34.org\/index.php\/author\/educato\/\"}]}<\/script>\n<!-- \/ Yoast SEO plugin. -->","yoast_head_json":{"title":"Atelier M\u00e9diation Animale - Blog du foyer de vie Camille Claudel","robots":{"index":"index","follow":"follow","max-snippet":"max-snippet:-1","max-image-preview":"max-image-preview:large","max-video-preview":"max-video-preview:-1"},"canonical":"https:\/\/eccleblog.apsh34.org\/index.php\/2026\/01\/12\/activite-mediation-animale\/","og_locale":"fr_FR","og_type":"article","og_title":"Atelier M\u00e9diation Animale - Blog du foyer de vie Camille Claudel","og_description":"L&rsquo;activit\u00e9 se d\u00e9roule le lundi matin. Il y a deux groupes cette ann\u00e9e, car nous \u00e9tions beaucoup \u00e0 vouloir y participer. Il y a un groupe avec S\u00e9verine et un [&hellip;]","og_url":"https:\/\/eccleblog.apsh34.org\/index.php\/2026\/01\/12\/activite-mediation-animale\/","og_site_name":"Blog du foyer de vie Camille Claudel","article_publisher":"https:\/\/www.facebook.com\/apsh34","article_published_time":"2026-01-12T14:29:30+00:00","article_modified_time":"2026-02-18T13:59:52+00:00","og_image":[{"width":1835,"height":1860,"url":"https:\/\/eccleblog.apsh34.org\/wp-content\/uploads\/2025\/10\/1000013792-scaled-e1763389222544.jpg","type":"image\/jpeg"}],"author":"S\u00e9verine Educ","twitter_card":"summary_large_image","twitter_misc":{"\u00c9crit par":"S\u00e9verine Educ","Dur\u00e9e de lecture estim\u00e9e":"2 minutes"},"schema":{"@context":"https:\/\/schema.org","@graph":[{"@type":"Article","@id":"https:\/\/eccleblog.apsh34.org\/index.php\/2026\/01\/12\/activite-mediation-animale\/#article","isPartOf":{"@id":"https:\/\/eccleblog.apsh34.org\/index.php\/2026\/01\/12\/activite-mediation-animale\/"},"author":{"name":"S\u00e9verine Educ","@id":"https:\/\/eccleblog.apsh34.org\/#\/schema\/person\/09c163a296b703843907a30a962c58ce"},"headline":"Atelier M\u00e9diation Animale","datePublished":"2026-01-12T14:29:30+00:00","dateModified":"2026-02-18T13:59:52+00:00","mainEntityOfPage":{"@id":"https:\/\/eccleblog.apsh34.org\/index.php\/2026\/01\/12\/activite-mediation-animale\/"},"wordCount":280,"publisher":{"@id":"https:\/\/eccleblog.apsh34.org\/#organization"},"image":{"@id":"https:\/\/eccleblog.apsh34.org\/index.php\/2026\/01\/12\/activite-mediation-animale\/#primaryimage"},"thumbnailUrl":"https:\/\/eccleblog.apsh34.org\/wp-content\/uploads\/2025\/10\/1000013792-scaled-e1763389222544.jpg","articleSection":["Nos activit\u00e9s"],"inLanguage":"fr-FR"},{"@type":"WebPage","@id":"https:\/\/eccleblog.apsh34.org\/index.php\/2026\/01\/12\/activite-mediation-animale\/","url":"https:\/\/eccleblog.apsh34.org\/index.php\/2026\/01\/12\/activite-mediation-animale\/","name":"Atelier M\u00e9diation Animale - Blog du foyer de vie Camille Claudel","isPartOf":{"@id":"https:\/\/eccleblog.apsh34.org\/#website"},"primaryImageOfPage":{"@id":"https:\/\/eccleblog.apsh34.org\/index.php\/2026\/01\/12\/activite-mediation-animale\/#primaryimage"},"image":{"@id":"https:\/\/eccleblog.apsh34.org\/index.php\/2026\/01\/12\/activite-mediation-animale\/#primaryimage"},"thumbnailUrl":"https:\/\/eccleblog.apsh34.org\/wp-content\/uploads\/2025\/10\/1000013792-scaled-e1763389222544.jpg","datePublished":"2026-01-12T14:29:30+00:00","dateModified":"2026-02-18T13:59:52+00:00","breadcrumb":{"@id":"https:\/\/eccleblog.apsh34.org\/index.php\/2026\/01\/12\/activite-mediation-animale\/#breadcrumb"},"inLanguage":"fr-FR","potentialAction":[{"@type":"ReadAction","target":["https:\/\/eccleblog.apsh34.org\/index.php\/2026\/01\/12\/activite-mediation-animale\/"]}]},{"@type":"ImageObject","inLanguage":"fr-FR","@id":"https:\/\/eccleblog.apsh34.org\/index.php\/2026\/01\/12\/activite-mediation-animale\/#primaryimage","url":"https:\/\/eccleblog.apsh34.org\/wp-content\/uploads\/2025\/10\/1000013792-scaled-e1763389222544.jpg","contentUrl":"https:\/\/eccleblog.apsh34.org\/wp-content\/uploads\/2025\/10\/1000013792-scaled-e1763389222544.jpg","width":1835,"height":1860},{"@type":"BreadcrumbList","@id":"https:\/\/eccleblog.apsh34.org\/index.php\/2026\/01\/12\/activite-mediation-animale\/#breadcrumb","itemListElement":[{"@type":"ListItem","position":1,"name":"Accueil","item":"https:\/\/eccleblog.apsh34.org\/"},{"@type":"ListItem","position":2,"name":"Atelier M\u00e9diation Animale"}]},{"@type":"WebSite","@id":"https:\/\/eccleblog.apsh34.org\/#website","url":"https:\/\/eccleblog.apsh34.org\/","name":"Blog du foyer de vie Camille Claudel - APSH34","description":"Les couleurs de nos vies","publisher":{"@id":"https:\/\/eccleblog.apsh34.org\/#organization"},"potentialAction":[{"@type":"SearchAction","target":{"@type":"EntryPoint","urlTemplate":"https:\/\/eccleblog.apsh34.org\/?s={search_term_string}"},"query-input":{"@type":"PropertyValueSpecification","valueRequired":true,"valueName":"search_term_string"}}],"inLanguage":"fr-FR"},{"@type":"Organization","@id":"https:\/\/eccleblog.apsh34.org\/#organization","name":"Blog du foyer de vie Camille Claudel - APSH34","url":"https:\/\/eccleblog.apsh34.org\/","logo":{"@type":"ImageObject","inLanguage":"fr-FR","@id":"https:\/\/eccleblog.apsh34.org\/#\/schema\/logo\/image\/","url":"https:\/\/eccleblog.apsh34.org\/wp-content\/uploads\/2025\/01\/cropped-Icone-apsh-1.png","contentUrl":"https:\/\/eccleblog.apsh34.org\/wp-content\/uploads\/2025\/01\/cropped-Icone-apsh-1.png","width":512,"height":512,"caption":"Blog du foyer de vie Camille Claudel - APSH34"},"image":{"@id":"https:\/\/eccleblog.apsh34.org\/#\/schema\/logo\/image\/"},"sameAs":["https:\/\/www.facebook.com\/apsh34","https:\/\/www.linkedin.com\/company\/apsh34\/","https:\/\/www.instagram.com\/apsh34_association\/","https:\/\/www.youtube.com\/@apsh34"]},{"@type":"Person","@id":"https:\/\/eccleblog.apsh34.org\/#\/schema\/person\/09c163a296b703843907a30a962c58ce","name":"S\u00e9verine Educ","image":{"@type":"ImageObject","inLanguage":"fr-FR","@id":"https:\/\/eccleblog.apsh34.org\/#\/schema\/person\/image\/","url":"https:\/\/secure.gravatar.com\/avatar\/379b74d79db9166b61308c3e98568eac0829d68f38731414bbc6f3d08e9981b3?s=96&d=mm&r=g","contentUrl":"https:\/\/secure.gravatar.com\/avatar\/379b74d79db9166b61308c3e98568eac0829d68f38731414bbc6f3d08e9981b3?s=96&d=mm&r=g","caption":"S\u00e9verine Educ"},"url":"https:\/\/eccleblog.apsh34.org\/index.php\/author\/educato\/"}]}},"_links":{"self":[{"href":"https:\/\/eccleblog.apsh34.org\/index.php\/wp-json\/wp\/v2\/posts\/653","targetHints":{"allow":["GET"]}}],"collection":[{"href":"https:\/\/eccleblog.apsh34.org\/index.php\/wp-json\/wp\/v2\/posts"}],"about":[{"href":"https:\/\/eccleblog.apsh34.org\/index.php\/wp-json\/wp\/v2\/types\/post"}],"author":[{"embeddable":true,"href":"https:\/\/eccleblog.apsh34.org\/index.php\/wp-json\/wp\/v2\/users\/5"}],"replies":[{"embeddable":true,"href":"https:\/\/eccleblog.apsh34.org\/index.php\/wp-json\/wp\/v2\/comments?post=653"}],"version-history":[{"count":8,"href":"https:\/\/eccleblog.apsh34.org\/index.php\/wp-json\/wp\/v2\/posts\/653\/revisions"}],"predecessor-version":[{"id":742,"href":"https:\/\/eccleblog.apsh34.org\/index.php\/wp-json\/wp\/v2\/posts\/653\/revisions\/742"}],"wp:featuredmedia":[{"embeddable":true,"href":"https:\/\/eccleblog.apsh34.org\/index.php\/wp-json\/wp\/v2\/media\/662"}],"wp:attachment":[{"href":"https:\/\/eccleblog.apsh34.org\/index.php\/wp-json\/wp\/v2\/media?parent=653"}],"wp:term":[{"taxonomy":"category","embeddable":true,"href":"https:\/\/eccleblog.apsh34.org\/index.php\/wp-json\/wp\/v2\/categories?post=653"},{"taxonomy":"post_tag","embeddable":true,"href":"https:\/\/eccleblog.apsh34.org\/index.php\/wp-json\/wp\/v2\/tags?post=653"}],"curies":[{"name":"wp","href":"https:\/\/api.w.org\/{rel}","templated":true}]}}