{"id":666,"date":"2025-11-18T14:04:28","date_gmt":"2025-11-18T13:04:28","guid":{"rendered":"https:\/\/eccleblog.apsh34.org\/?p=666"},"modified":"2026-02-02T12:32:27","modified_gmt":"2026-02-02T11:32:27","slug":"un-nouveau-cinema-clermontais-verra-le-jour","status":"publish","type":"post","link":"https:\/\/eccleblog.apsh34.org\/index.php\/2025\/11\/18\/un-nouveau-cinema-clermontais-verra-le-jour\/","title":{"rendered":"Un nouveau cin\u00e9ma Clermontais verra le jour."},"content":{"rendered":"\n<p class=\"has-text-align-left\">Le cin\u00e9ma \u00ab&nbsp;l\u2019Atalante&nbsp;\u00bb devrait ouvrir le 28 juillet 2028.&nbsp;<\/p>\n\n\n\n<p><strong>La construction du cin\u00e9ma \u00ab L\u2019Atalante&nbsp;\u00bb, complexe de 4 salles qui remplacera l\u2019actuel Alain-Resnais, a \u00e9t\u00e9 valid\u00e9e hier par la Commission d\u2019am\u00e9nagement cin\u00e9matographique de l\u2019H\u00e9rault.&nbsp;<\/strong><\/p>\n\n\n\n<p>Il y a d\u00e9j\u00e0 plus de dix ans que le besoin d\u2019agrandir le mono \u00e9cran de Clermont-l\u2019H\u00e9rault, \u00e0 50 km de Montpellier se fait sentir. Le cin\u00e9ma Alain-Resnais, d\u2019une salle de 230 fauteuils, va donc laisser place prochainement \u00e0 un \u00e9tablissement tout neuf de 4 salles et 498 places, qui sera baptis\u00e9 \u00ab&nbsp;L\u2019Atalante&nbsp;\u00bb et pourra d\u00e9ployer pleinement sa programmation g\u00e9n\u00e9raliste et art et essai. Port\u00e9 par la Commune, le projet a \u00e9t\u00e9 approuv\u00e9 \u00e0 l\u2019unanimit\u00e9 par la CDACi le 28 juillet.<\/p>\n\n\n\n<p>L\u2019appellation Alain Resnais sera utilis\u00e9e pour la salle la plus importante, en hommage au r\u00e9alisateur fran\u00e7ais conclut le maire G\u00e9rard Bessi\u00e8re.<\/p>\n\n\n\n<p><strong>Un nom, deux histoires&nbsp;:<\/strong><\/p>\n\n\n\n<p>L\u2019Atalante est d\u2019abord le titre d\u2019un film culte du cin\u00e9ma fran\u00e7ais, r\u00e9alis\u00e9 par Jean Vigo en 1934.<\/p>\n\n\n\n<p>Jean Vigo, n\u00e9 le 26 avril 1905 \u00e0 Paris et mort le 5 octobre 1934 \u00e0 Paris, est unr\u00e9alisateur fran\u00e7ais.<\/p>\n\n\n\n<p>L\u2019Atalante, est consid\u00e9r\u00e9 comme l\u2019un des chefs-d\u2019\u0153uvre du 7e art, ce film po\u00e9tique et audacieux suit l\u2019histoire d\u2019un jeune couple vivant \u00e0 bord d\u2019une p\u00e9niche sur la Seine. Le film symbolise la libert\u00e9, mais aussi une certaine id\u00e9e du cin\u00e9ma ind\u00e9pendant, sensible, exigeant, en total coh\u00e9rence avec son classement Art et Essai.<\/p>\n\n\n\n<p>Mais L\u2019Atalante ne se limite pas \u00e0 un clin d\u2019\u0153il cin\u00e9phile : il fait aussi \u00e9cho \u00e0 une d\u00e9couverte arch\u00e9ologique r\u00e9cente, sur le territoire m\u00eame de Clermont-l\u2019H\u00e9rault.<\/p>\n\n\n\n<p>Lors de fouilles, une statuette repr\u00e9sentant Atalante a \u00e9t\u00e9 retrouv\u00e9e non loin du futur site du cin\u00e9ma<\/p>\n\n\n\n<p><em><u>Qui est Atalante dans la mythologie grecque ?<\/u><\/em><\/p>\n\n\n\n<p><em>Dans la mythologie grecque, Atalante est une h\u00e9ro\u00efne. Elle a \u00e9t\u00e9 \u00e9duqu\u00e9e pardes <\/em><em>chasseurs apr\u00e8s avoir \u00e9t\u00e9 abandonn\u00e9e par son p\u00e8re<\/em><em>.<\/em><\/p>\n\n\n\n<p><em>Quelle est l&rsquo;histoire d&rsquo;Atalante<\/em><\/p>\n\n\n\n<p><em>Atalante et une h\u00e9ro\u00efne grecque<\/em><\/p>\n\n\n\n<p><em>&nbsp;<\/em>Elle voulut demeur\u00e9e vierge, elle demanda \u00e0 son p\u00e8re de n&rsquo;\u00e9pouser que celui qui l&rsquo;aurait vaincue \u00e0 la course; elle d\u00e9passait facilement ses pr\u00e9tendants qui \u00e9taient ensuite mis \u00e0 mort.<\/p>\n\n\n\n<p><strong><em>Hippom\u00e8ne<\/em><\/strong><em>), follement amoureux, releva le d\u00e9fi. <strong>Avec l\u2019aide de <\/strong><strong>la d\u00e9esse Aphrodite<\/strong><strong>,<\/strong> il usa de ruse et jetta <strong>trois pommes d\u2019or<\/strong> pour distraire Atalante pendant la course. Elle ralentit<strong>,<\/strong><strong> il gagne et l\u2019\u00e9pouse<\/strong><strong>.<\/strong><\/em><\/p>\n\n\n\n<figure class=\"wp-block-image aligncenter size-full is-resized\"><img loading=\"lazy\" decoding=\"async\" width=\"96\" height=\"179\" src=\"https:\/\/eccleblog.apsh34.org\/wp-content\/uploads\/2025\/11\/OIP.jpg\" alt=\"\" class=\"wp-image-675\" style=\"width:165px;height:auto\"\/><\/figure>\n\n\n\n<p class=\"has-text-align-center\">&nbsp;&nbsp;&nbsp;&nbsp;&nbsp;&nbsp;&nbsp;&nbsp;&nbsp;&nbsp;&nbsp; \u00ab&nbsp;<strong>L\u2019Atalante&nbsp;\u00bb<\/strong><\/p>\n\n\n\n<p class=\"has-text-align-right\">Fait par Emeline et Jer\u00f4me<\/p>\n\n\n\n<p><\/p>\n\n\n\n<h2 class=\"wp-block-heading\"><\/h2>\n\n\n\n<p><\/p>\n\n\n\n<p class=\"has-text-align-center\"><strong>Questions pos\u00e9es \u00e0 quelques r\u00e9sidents pour avoir leur avis<\/strong> :<\/p>\n\n\n\n<p><strong>Vous en penser quoi&nbsp;?<\/strong><\/p>\n\n\n\n<p><strong>Magalie<\/strong><\/p>\n\n\n\n<p><em>\u00ab&nbsp;\u00c7a sera plus grand, il y aura plus de films<\/em><\/p>\n\n\n\n<p><em>Je trouve que c\u2019est bien \u00bb.<\/em><\/p>\n\n\n\n<p><strong>Christian<\/strong><\/p>\n\n\n\n<p><em>\u00ab&nbsp;Plus de films, par exemple pour les enfants il aura des films appropri\u00e9s \u00e0 leur \u00e2ge&nbsp;\u00bb.<\/em><\/p>\n\n\n\n<p><em>\u00ab&nbsp;Et \u00e7a fera plus de travail pour les personnes qui travaillent au cin\u00e9ma, il aura le choix des boissons plus pop-corn&nbsp;\u00bb.<\/em><\/p>\n\n\n\n<p><em>\u00ab&nbsp;Il y aura une s\u00e9curit\u00e9 incendie&nbsp;\u00bb.<\/em><\/p>\n\n\n\n<p><strong>Marine<\/strong><\/p>\n\n\n\n<p><em>\u00ab&nbsp;\u00c7a sera bien qu\u2019il soit plus grand et plus confortable&nbsp;\u00bb.<\/em><\/p>\n\n\n\n<p><strong>Camille<\/strong><\/p>\n\n\n\n<p><em>\u00ab&nbsp;C\u2019est une bonne id\u00e9e pour ce nouveau cin\u00e9ma&nbsp;!<\/em><\/p>\n\n\n\n<p><em>Ce projet je le trouve g\u00e9nial le nouveau cin\u00e9ma va \u00eatre beau<\/em><\/p>\n\n\n\n<p><em>C\u2019est bien, on pourra regarder beaucoup plus de films, j\u2019ai h\u00e2te que ce projet se r\u00e9alise&nbsp;\u00bb.<\/em><\/p>\n\n\n\n<p><strong>St\u00e9phane<\/strong><\/p>\n\n\n\n<p><em>\u00ab&nbsp;C\u2019est bien, \u00e7a me plait beaucoup, je suis content de ce projet&nbsp;\u00bb.<\/em><\/p>\n\n\n\n<p><strong>Steven<\/strong><\/p>\n\n\n\n<p><em>\u00ab&nbsp;C\u2019est bien parce que \u00e7a change et y aura beaucoup plus de choix&nbsp;\u00bb.<\/em><\/p>\n\n\n\n<p class=\"has-text-align-right\">Fait par Emeline&nbsp;&nbsp;&nbsp;<\/p>\n\n\n\n<p><\/p>\n","protected":false},"excerpt":{"rendered":"<p>Le cin\u00e9ma \u00ab&nbsp;l\u2019Atalante&nbsp;\u00bb devrait ouvrir le 28 juillet 2028.&nbsp; La construction du cin\u00e9ma \u00ab L\u2019Atalante&nbsp;\u00bb, complexe de 4 salles qui remplacera l\u2019actuel Alain-Resnais, a \u00e9t\u00e9 valid\u00e9e hier par la Commission [&hellip;]<\/p>\n","protected":false},"author":5,"featured_media":669,"comment_status":"closed","ping_status":"open","sticky":false,"template":"","format":"standard","meta":{"_EventAllDay":false,"_EventTimezone":"","_EventStartDate":"","_EventEndDate":"","_EventStartDateUTC":"","_EventEndDateUTC":"","_EventShowMap":false,"_EventShowMapLink":false,"_EventURL":"","_EventCost":"","_EventCostDescription":"","_EventCurrencySymbol":"","_EventCurrencyCode":"","_EventCurrencyPosition":"","_EventDateTimeSeparator":"","_EventTimeRangeSeparator":"","_EventOrganizerID":[],"_EventVenueID":[],"_OrganizerEmail":"","_OrganizerPhone":"","_OrganizerWebsite":"","_VenueAddress":"","_VenueCity":"","_VenueCountry":"","_VenueProvince":"","_VenueState":"","_VenueZip":"","_VenuePhone":"","_VenueURL":"","_VenueStateProvince":"","_VenueLat":"","_VenueLng":"","_VenueShowMap":false,"_VenueShowMapLink":false,"footnotes":""},"categories":[16],"tags":[],"class_list":["post-666","post","type-post","status-publish","format-standard","has-post-thumbnail","hentry","category-nos-evenements"],"yoast_head":"<!-- This site is optimized with the Yoast SEO plugin v25.0 - https:\/\/yoast.com\/wordpress\/plugins\/seo\/ -->\n<title>Un nouveau cin\u00e9ma Clermontais verra le jour. - Blog du foyer de vie Camille Claudel<\/title>\n<meta name=\"robots\" content=\"index, follow, max-snippet:-1, max-image-preview:large, max-video-preview:-1\" \/>\n<link rel=\"canonical\" href=\"https:\/\/eccleblog.apsh34.org\/index.php\/2025\/11\/18\/un-nouveau-cinema-clermontais-verra-le-jour\/\" \/>\n<meta property=\"og:locale\" content=\"fr_FR\" \/>\n<meta property=\"og:type\" content=\"article\" \/>\n<meta property=\"og:title\" content=\"Un nouveau cin\u00e9ma Clermontais verra le jour. - Blog du foyer de vie Camille Claudel\" \/>\n<meta property=\"og:description\" content=\"Le cin\u00e9ma \u00ab&nbsp;l\u2019Atalante&nbsp;\u00bb devrait ouvrir le 28 juillet 2028.&nbsp; La construction du cin\u00e9ma \u00ab L\u2019Atalante&nbsp;\u00bb, complexe de 4 salles qui remplacera l\u2019actuel Alain-Resnais, a \u00e9t\u00e9 valid\u00e9e hier par la Commission [&hellip;]\" \/>\n<meta property=\"og:url\" content=\"https:\/\/eccleblog.apsh34.org\/index.php\/2025\/11\/18\/un-nouveau-cinema-clermontais-verra-le-jour\/\" \/>\n<meta property=\"og:site_name\" content=\"Blog du foyer de vie Camille Claudel\" \/>\n<meta property=\"article:publisher\" content=\"https:\/\/www.facebook.com\/apsh34\" \/>\n<meta property=\"article:published_time\" content=\"2025-11-18T13:04:28+00:00\" \/>\n<meta property=\"article:modified_time\" content=\"2026-02-02T11:32:27+00:00\" \/>\n<meta property=\"og:image\" content=\"https:\/\/eccleblog.apsh34.org\/wp-content\/uploads\/2025\/11\/LATALANTE-perspective-600x337-1.png\" \/>\n\t<meta property=\"og:image:width\" content=\"600\" \/>\n\t<meta property=\"og:image:height\" content=\"337\" \/>\n\t<meta property=\"og:image:type\" content=\"image\/png\" \/>\n<meta name=\"author\" content=\"S\u00e9verine Educ\" \/>\n<meta name=\"twitter:card\" content=\"summary_large_image\" \/>\n<meta name=\"twitter:label1\" content=\"\u00c9crit par\" \/>\n\t<meta name=\"twitter:data1\" content=\"S\u00e9verine Educ\" \/>\n\t<meta name=\"twitter:label2\" content=\"Dur\u00e9e de lecture estim\u00e9e\" \/>\n\t<meta name=\"twitter:data2\" content=\"4 minutes\" \/>\n<script type=\"application\/ld+json\" class=\"yoast-schema-graph\">{\"@context\":\"https:\/\/schema.org\",\"@graph\":[{\"@type\":\"Article\",\"@id\":\"https:\/\/eccleblog.apsh34.org\/index.php\/2025\/11\/18\/un-nouveau-cinema-clermontais-verra-le-jour\/#article\",\"isPartOf\":{\"@id\":\"https:\/\/eccleblog.apsh34.org\/index.php\/2025\/11\/18\/un-nouveau-cinema-clermontais-verra-le-jour\/\"},\"author\":{\"name\":\"S\u00e9verine Educ\",\"@id\":\"https:\/\/eccleblog.apsh34.org\/#\/schema\/person\/09c163a296b703843907a30a962c58ce\"},\"headline\":\"Un nouveau cin\u00e9ma Clermontais verra le jour.\",\"datePublished\":\"2025-11-18T13:04:28+00:00\",\"dateModified\":\"2026-02-02T11:32:27+00:00\",\"mainEntityOfPage\":{\"@id\":\"https:\/\/eccleblog.apsh34.org\/index.php\/2025\/11\/18\/un-nouveau-cinema-clermontais-verra-le-jour\/\"},\"wordCount\":656,\"publisher\":{\"@id\":\"https:\/\/eccleblog.apsh34.org\/#organization\"},\"image\":{\"@id\":\"https:\/\/eccleblog.apsh34.org\/index.php\/2025\/11\/18\/un-nouveau-cinema-clermontais-verra-le-jour\/#primaryimage\"},\"thumbnailUrl\":\"https:\/\/eccleblog.apsh34.org\/wp-content\/uploads\/2025\/11\/LATALANTE-perspective-600x337-1.png\",\"articleSection\":[\"Actualit\u00e9s\"],\"inLanguage\":\"fr-FR\"},{\"@type\":\"WebPage\",\"@id\":\"https:\/\/eccleblog.apsh34.org\/index.php\/2025\/11\/18\/un-nouveau-cinema-clermontais-verra-le-jour\/\",\"url\":\"https:\/\/eccleblog.apsh34.org\/index.php\/2025\/11\/18\/un-nouveau-cinema-clermontais-verra-le-jour\/\",\"name\":\"Un nouveau cin\u00e9ma Clermontais verra le jour. - Blog du foyer de vie Camille Claudel\",\"isPartOf\":{\"@id\":\"https:\/\/eccleblog.apsh34.org\/#website\"},\"primaryImageOfPage\":{\"@id\":\"https:\/\/eccleblog.apsh34.org\/index.php\/2025\/11\/18\/un-nouveau-cinema-clermontais-verra-le-jour\/#primaryimage\"},\"image\":{\"@id\":\"https:\/\/eccleblog.apsh34.org\/index.php\/2025\/11\/18\/un-nouveau-cinema-clermontais-verra-le-jour\/#primaryimage\"},\"thumbnailUrl\":\"https:\/\/eccleblog.apsh34.org\/wp-content\/uploads\/2025\/11\/LATALANTE-perspective-600x337-1.png\",\"datePublished\":\"2025-11-18T13:04:28+00:00\",\"dateModified\":\"2026-02-02T11:32:27+00:00\",\"breadcrumb\":{\"@id\":\"https:\/\/eccleblog.apsh34.org\/index.php\/2025\/11\/18\/un-nouveau-cinema-clermontais-verra-le-jour\/#breadcrumb\"},\"inLanguage\":\"fr-FR\",\"potentialAction\":[{\"@type\":\"ReadAction\",\"target\":[\"https:\/\/eccleblog.apsh34.org\/index.php\/2025\/11\/18\/un-nouveau-cinema-clermontais-verra-le-jour\/\"]}]},{\"@type\":\"ImageObject\",\"inLanguage\":\"fr-FR\",\"@id\":\"https:\/\/eccleblog.apsh34.org\/index.php\/2025\/11\/18\/un-nouveau-cinema-clermontais-verra-le-jour\/#primaryimage\",\"url\":\"https:\/\/eccleblog.apsh34.org\/wp-content\/uploads\/2025\/11\/LATALANTE-perspective-600x337-1.png\",\"contentUrl\":\"https:\/\/eccleblog.apsh34.org\/wp-content\/uploads\/2025\/11\/LATALANTE-perspective-600x337-1.png\",\"width\":600,\"height\":337},{\"@type\":\"BreadcrumbList\",\"@id\":\"https:\/\/eccleblog.apsh34.org\/index.php\/2025\/11\/18\/un-nouveau-cinema-clermontais-verra-le-jour\/#breadcrumb\",\"itemListElement\":[{\"@type\":\"ListItem\",\"position\":1,\"name\":\"Accueil\",\"item\":\"https:\/\/eccleblog.apsh34.org\/\"},{\"@type\":\"ListItem\",\"position\":2,\"name\":\"Un nouveau cin\u00e9ma Clermontais verra le jour.\"}]},{\"@type\":\"WebSite\",\"@id\":\"https:\/\/eccleblog.apsh34.org\/#website\",\"url\":\"https:\/\/eccleblog.apsh34.org\/\",\"name\":\"Blog du foyer de vie Camille Claudel - APSH34\",\"description\":\"Les couleurs de nos vies\",\"publisher\":{\"@id\":\"https:\/\/eccleblog.apsh34.org\/#organization\"},\"potentialAction\":[{\"@type\":\"SearchAction\",\"target\":{\"@type\":\"EntryPoint\",\"urlTemplate\":\"https:\/\/eccleblog.apsh34.org\/?s={search_term_string}\"},\"query-input\":{\"@type\":\"PropertyValueSpecification\",\"valueRequired\":true,\"valueName\":\"search_term_string\"}}],\"inLanguage\":\"fr-FR\"},{\"@type\":\"Organization\",\"@id\":\"https:\/\/eccleblog.apsh34.org\/#organization\",\"name\":\"Blog du foyer de vie Camille Claudel - APSH34\",\"url\":\"https:\/\/eccleblog.apsh34.org\/\",\"logo\":{\"@type\":\"ImageObject\",\"inLanguage\":\"fr-FR\",\"@id\":\"https:\/\/eccleblog.apsh34.org\/#\/schema\/logo\/image\/\",\"url\":\"https:\/\/eccleblog.apsh34.org\/wp-content\/uploads\/2025\/01\/cropped-Icone-apsh-1.png\",\"contentUrl\":\"https:\/\/eccleblog.apsh34.org\/wp-content\/uploads\/2025\/01\/cropped-Icone-apsh-1.png\",\"width\":512,\"height\":512,\"caption\":\"Blog du foyer de vie Camille Claudel - APSH34\"},\"image\":{\"@id\":\"https:\/\/eccleblog.apsh34.org\/#\/schema\/logo\/image\/\"},\"sameAs\":[\"https:\/\/www.facebook.com\/apsh34\",\"https:\/\/www.linkedin.com\/company\/apsh34\/\",\"https:\/\/www.instagram.com\/apsh34_association\/\",\"https:\/\/www.youtube.com\/@apsh34\"]},{\"@type\":\"Person\",\"@id\":\"https:\/\/eccleblog.apsh34.org\/#\/schema\/person\/09c163a296b703843907a30a962c58ce\",\"name\":\"S\u00e9verine Educ\",\"image\":{\"@type\":\"ImageObject\",\"inLanguage\":\"fr-FR\",\"@id\":\"https:\/\/eccleblog.apsh34.org\/#\/schema\/person\/image\/\",\"url\":\"https:\/\/secure.gravatar.com\/avatar\/379b74d79db9166b61308c3e98568eac0829d68f38731414bbc6f3d08e9981b3?s=96&d=mm&r=g\",\"contentUrl\":\"https:\/\/secure.gravatar.com\/avatar\/379b74d79db9166b61308c3e98568eac0829d68f38731414bbc6f3d08e9981b3?s=96&d=mm&r=g\",\"caption\":\"S\u00e9verine Educ\"},\"url\":\"https:\/\/eccleblog.apsh34.org\/index.php\/author\/educato\/\"}]}<\/script>\n<!-- \/ Yoast SEO plugin. -->","yoast_head_json":{"title":"Un nouveau cin\u00e9ma Clermontais verra le jour. - Blog du foyer de vie Camille Claudel","robots":{"index":"index","follow":"follow","max-snippet":"max-snippet:-1","max-image-preview":"max-image-preview:large","max-video-preview":"max-video-preview:-1"},"canonical":"https:\/\/eccleblog.apsh34.org\/index.php\/2025\/11\/18\/un-nouveau-cinema-clermontais-verra-le-jour\/","og_locale":"fr_FR","og_type":"article","og_title":"Un nouveau cin\u00e9ma Clermontais verra le jour. - Blog du foyer de vie Camille Claudel","og_description":"Le cin\u00e9ma \u00ab&nbsp;l\u2019Atalante&nbsp;\u00bb devrait ouvrir le 28 juillet 2028.&nbsp; La construction du cin\u00e9ma \u00ab L\u2019Atalante&nbsp;\u00bb, complexe de 4 salles qui remplacera l\u2019actuel Alain-Resnais, a \u00e9t\u00e9 valid\u00e9e hier par la Commission [&hellip;]","og_url":"https:\/\/eccleblog.apsh34.org\/index.php\/2025\/11\/18\/un-nouveau-cinema-clermontais-verra-le-jour\/","og_site_name":"Blog du foyer de vie Camille Claudel","article_publisher":"https:\/\/www.facebook.com\/apsh34","article_published_time":"2025-11-18T13:04:28+00:00","article_modified_time":"2026-02-02T11:32:27+00:00","og_image":[{"width":600,"height":337,"url":"https:\/\/eccleblog.apsh34.org\/wp-content\/uploads\/2025\/11\/LATALANTE-perspective-600x337-1.png","type":"image\/png"}],"author":"S\u00e9verine Educ","twitter_card":"summary_large_image","twitter_misc":{"\u00c9crit par":"S\u00e9verine Educ","Dur\u00e9e de lecture estim\u00e9e":"4 minutes"},"schema":{"@context":"https:\/\/schema.org","@graph":[{"@type":"Article","@id":"https:\/\/eccleblog.apsh34.org\/index.php\/2025\/11\/18\/un-nouveau-cinema-clermontais-verra-le-jour\/#article","isPartOf":{"@id":"https:\/\/eccleblog.apsh34.org\/index.php\/2025\/11\/18\/un-nouveau-cinema-clermontais-verra-le-jour\/"},"author":{"name":"S\u00e9verine Educ","@id":"https:\/\/eccleblog.apsh34.org\/#\/schema\/person\/09c163a296b703843907a30a962c58ce"},"headline":"Un nouveau cin\u00e9ma Clermontais verra le jour.","datePublished":"2025-11-18T13:04:28+00:00","dateModified":"2026-02-02T11:32:27+00:00","mainEntityOfPage":{"@id":"https:\/\/eccleblog.apsh34.org\/index.php\/2025\/11\/18\/un-nouveau-cinema-clermontais-verra-le-jour\/"},"wordCount":656,"publisher":{"@id":"https:\/\/eccleblog.apsh34.org\/#organization"},"image":{"@id":"https:\/\/eccleblog.apsh34.org\/index.php\/2025\/11\/18\/un-nouveau-cinema-clermontais-verra-le-jour\/#primaryimage"},"thumbnailUrl":"https:\/\/eccleblog.apsh34.org\/wp-content\/uploads\/2025\/11\/LATALANTE-perspective-600x337-1.png","articleSection":["Actualit\u00e9s"],"inLanguage":"fr-FR"},{"@type":"WebPage","@id":"https:\/\/eccleblog.apsh34.org\/index.php\/2025\/11\/18\/un-nouveau-cinema-clermontais-verra-le-jour\/","url":"https:\/\/eccleblog.apsh34.org\/index.php\/2025\/11\/18\/un-nouveau-cinema-clermontais-verra-le-jour\/","name":"Un nouveau cin\u00e9ma Clermontais verra le jour. - Blog du foyer de vie Camille Claudel","isPartOf":{"@id":"https:\/\/eccleblog.apsh34.org\/#website"},"primaryImageOfPage":{"@id":"https:\/\/eccleblog.apsh34.org\/index.php\/2025\/11\/18\/un-nouveau-cinema-clermontais-verra-le-jour\/#primaryimage"},"image":{"@id":"https:\/\/eccleblog.apsh34.org\/index.php\/2025\/11\/18\/un-nouveau-cinema-clermontais-verra-le-jour\/#primaryimage"},"thumbnailUrl":"https:\/\/eccleblog.apsh34.org\/wp-content\/uploads\/2025\/11\/LATALANTE-perspective-600x337-1.png","datePublished":"2025-11-18T13:04:28+00:00","dateModified":"2026-02-02T11:32:27+00:00","breadcrumb":{"@id":"https:\/\/eccleblog.apsh34.org\/index.php\/2025\/11\/18\/un-nouveau-cinema-clermontais-verra-le-jour\/#breadcrumb"},"inLanguage":"fr-FR","potentialAction":[{"@type":"ReadAction","target":["https:\/\/eccleblog.apsh34.org\/index.php\/2025\/11\/18\/un-nouveau-cinema-clermontais-verra-le-jour\/"]}]},{"@type":"ImageObject","inLanguage":"fr-FR","@id":"https:\/\/eccleblog.apsh34.org\/index.php\/2025\/11\/18\/un-nouveau-cinema-clermontais-verra-le-jour\/#primaryimage","url":"https:\/\/eccleblog.apsh34.org\/wp-content\/uploads\/2025\/11\/LATALANTE-perspective-600x337-1.png","contentUrl":"https:\/\/eccleblog.apsh34.org\/wp-content\/uploads\/2025\/11\/LATALANTE-perspective-600x337-1.png","width":600,"height":337},{"@type":"BreadcrumbList","@id":"https:\/\/eccleblog.apsh34.org\/index.php\/2025\/11\/18\/un-nouveau-cinema-clermontais-verra-le-jour\/#breadcrumb","itemListElement":[{"@type":"ListItem","position":1,"name":"Accueil","item":"https:\/\/eccleblog.apsh34.org\/"},{"@type":"ListItem","position":2,"name":"Un nouveau cin\u00e9ma Clermontais verra le jour."}]},{"@type":"WebSite","@id":"https:\/\/eccleblog.apsh34.org\/#website","url":"https:\/\/eccleblog.apsh34.org\/","name":"Blog du foyer de vie Camille Claudel - APSH34","description":"Les couleurs de nos vies","publisher":{"@id":"https:\/\/eccleblog.apsh34.org\/#organization"},"potentialAction":[{"@type":"SearchAction","target":{"@type":"EntryPoint","urlTemplate":"https:\/\/eccleblog.apsh34.org\/?s={search_term_string}"},"query-input":{"@type":"PropertyValueSpecification","valueRequired":true,"valueName":"search_term_string"}}],"inLanguage":"fr-FR"},{"@type":"Organization","@id":"https:\/\/eccleblog.apsh34.org\/#organization","name":"Blog du foyer de vie Camille Claudel - APSH34","url":"https:\/\/eccleblog.apsh34.org\/","logo":{"@type":"ImageObject","inLanguage":"fr-FR","@id":"https:\/\/eccleblog.apsh34.org\/#\/schema\/logo\/image\/","url":"https:\/\/eccleblog.apsh34.org\/wp-content\/uploads\/2025\/01\/cropped-Icone-apsh-1.png","contentUrl":"https:\/\/eccleblog.apsh34.org\/wp-content\/uploads\/2025\/01\/cropped-Icone-apsh-1.png","width":512,"height":512,"caption":"Blog du foyer de vie Camille Claudel - APSH34"},"image":{"@id":"https:\/\/eccleblog.apsh34.org\/#\/schema\/logo\/image\/"},"sameAs":["https:\/\/www.facebook.com\/apsh34","https:\/\/www.linkedin.com\/company\/apsh34\/","https:\/\/www.instagram.com\/apsh34_association\/","https:\/\/www.youtube.com\/@apsh34"]},{"@type":"Person","@id":"https:\/\/eccleblog.apsh34.org\/#\/schema\/person\/09c163a296b703843907a30a962c58ce","name":"S\u00e9verine Educ","image":{"@type":"ImageObject","inLanguage":"fr-FR","@id":"https:\/\/eccleblog.apsh34.org\/#\/schema\/person\/image\/","url":"https:\/\/secure.gravatar.com\/avatar\/379b74d79db9166b61308c3e98568eac0829d68f38731414bbc6f3d08e9981b3?s=96&d=mm&r=g","contentUrl":"https:\/\/secure.gravatar.com\/avatar\/379b74d79db9166b61308c3e98568eac0829d68f38731414bbc6f3d08e9981b3?s=96&d=mm&r=g","caption":"S\u00e9verine Educ"},"url":"https:\/\/eccleblog.apsh34.org\/index.php\/author\/educato\/"}]}},"_links":{"self":[{"href":"https:\/\/eccleblog.apsh34.org\/index.php\/wp-json\/wp\/v2\/posts\/666","targetHints":{"allow":["GET"]}}],"collection":[{"href":"https:\/\/eccleblog.apsh34.org\/index.php\/wp-json\/wp\/v2\/posts"}],"about":[{"href":"https:\/\/eccleblog.apsh34.org\/index.php\/wp-json\/wp\/v2\/types\/post"}],"author":[{"embeddable":true,"href":"https:\/\/eccleblog.apsh34.org\/index.php\/wp-json\/wp\/v2\/users\/5"}],"replies":[{"embeddable":true,"href":"https:\/\/eccleblog.apsh34.org\/index.php\/wp-json\/wp\/v2\/comments?post=666"}],"version-history":[{"count":9,"href":"https:\/\/eccleblog.apsh34.org\/index.php\/wp-json\/wp\/v2\/posts\/666\/revisions"}],"predecessor-version":[{"id":683,"href":"https:\/\/eccleblog.apsh34.org\/index.php\/wp-json\/wp\/v2\/posts\/666\/revisions\/683"}],"wp:featuredmedia":[{"embeddable":true,"href":"https:\/\/eccleblog.apsh34.org\/index.php\/wp-json\/wp\/v2\/media\/669"}],"wp:attachment":[{"href":"https:\/\/eccleblog.apsh34.org\/index.php\/wp-json\/wp\/v2\/media?parent=666"}],"wp:term":[{"taxonomy":"category","embeddable":true,"href":"https:\/\/eccleblog.apsh34.org\/index.php\/wp-json\/wp\/v2\/categories?post=666"},{"taxonomy":"post_tag","embeddable":true,"href":"https:\/\/eccleblog.apsh34.org\/index.php\/wp-json\/wp\/v2\/tags?post=666"}],"curies":[{"name":"wp","href":"https:\/\/api.w.org\/{rel}","templated":true}]}}