{"id":8,"date":"2019-03-15T10:00:00","date_gmt":"2019-03-15T09:00:00","guid":{"rendered":"https:\/\/lestestsdesoso.wordpress.com\/2025\/01\/07\/au-dela-de-lobstacle\/"},"modified":"2019-03-15T10:00:00","modified_gmt":"2019-03-15T09:00:00","slug":"au-dela-de-lobstacle","status":"publish","type":"post","link":"https:\/\/eccleblog.apsh34.org\/index.php\/2019\/03\/15\/au-dela-de-lobstacle\/","title":{"rendered":"Escalade"},"content":{"rendered":"\n<p>Pour commencer, nous allons chercher le mat\u00e9riel d&rsquo;escalade et nous allons le mettre dans le camion. Nous allons chercher le pique nique et nous choisissons le site d&rsquo;escalade. Une fois sur le site, nous mettons les baudriers de s\u00e9curit\u00e9 avec le mousqueton et la corde. Corinne s&rsquo;occupe de l&rsquo;assurage et nous pouvons ensuite commencer l&rsquo;activit\u00e9.<\/p>\n\n\n\n<p>Cette activit\u00e9 nous fait du bien car \u00e7a nous d\u00e9tend. On apprend beaucoup de choses car Corinne nous explique bien.<\/p>\n\n\n\n<figure class=\"wp-block-image size-large\"><img decoding=\"async\" src=\"https:\/\/lestestsdesoso.wordpress.com\/wp-content\/uploads\/2025\/01\/escalade.jpg?w=1024\" alt=\"\" class=\"wp-image-53\" \/><figcaption class=\"wp-element-caption\">OLYMPUS DIGITAL CAMERA<\/figcaption><\/figure>\n\n\n\n<p><strong><em>Steven F.<\/em><\/strong><\/p>\n","protected":false},"excerpt":{"rendered":"<p>Les d\u00e9fis en entreprise sont in\u00e9luctables, mais c\u2019est notre r\u00e9action \u00e0 ces d\u00e9fis qui d\u00e9finissent notre trajectoire. Regardez au-del\u00e0 de l\u2019obstacle imm\u00e9diat, au-del\u00e0 se trouve un royaume d\u2019opportunit\u00e9s et d\u2019apprentissage.<\/p>\n","protected":false},"author":1,"featured_media":56,"comment_status":"closed","ping_status":"closed","sticky":false,"template":"","format":"standard","meta":{"_EventAllDay":false,"_EventTimezone":"","_EventStartDate":"","_EventEndDate":"","_EventStartDateUTC":"","_EventEndDateUTC":"","_EventShowMap":false,"_EventShowMapLink":false,"_EventURL":"","_EventCost":"","_EventCostDescription":"","_EventCurrencySymbol":"","_EventCurrencyCode":"","_EventCurrencyPosition":"","_EventDateTimeSeparator":"","_EventTimeRangeSeparator":"","_EventOrganizerID":[],"_EventVenueID":[],"_OrganizerEmail":"","_OrganizerPhone":"","_OrganizerWebsite":"","_VenueAddress":"","_VenueCity":"","_VenueCountry":"","_VenueProvince":"","_VenueState":"","_VenueZip":"","_VenuePhone":"","_VenueURL":"","_VenueStateProvince":"","_VenueLat":"","_VenueLng":"","_VenueShowMap":false,"_VenueShowMapLink":false,"footnotes":""},"categories":[2],"tags":[],"class_list":["post-8","post","type-post","status-publish","format-standard","has-post-thumbnail","hentry","category-activites"],"yoast_head":"<!-- This site is optimized with the Yoast SEO plugin v25.0 - https:\/\/yoast.com\/wordpress\/plugins\/seo\/ -->\n<title>Escalade - Blog du foyer de vie Camille Claudel<\/title>\n<meta name=\"robots\" content=\"index, follow, max-snippet:-1, max-image-preview:large, max-video-preview:-1\" \/>\n<link rel=\"canonical\" href=\"https:\/\/eccleblog.apsh34.org\/index.php\/2019\/03\/15\/au-dela-de-lobstacle\/\" \/>\n<meta property=\"og:locale\" content=\"fr_FR\" \/>\n<meta property=\"og:type\" content=\"article\" \/>\n<meta property=\"og:title\" content=\"Escalade - Blog du foyer de vie Camille Claudel\" \/>\n<meta property=\"og:description\" content=\"Les d\u00e9fis en entreprise sont in\u00e9luctables, mais c\u2019est notre r\u00e9action \u00e0 ces d\u00e9fis qui d\u00e9finissent notre trajectoire. Regardez au-del\u00e0 de l\u2019obstacle imm\u00e9diat, au-del\u00e0 se trouve un royaume d\u2019opportunit\u00e9s et d\u2019apprentissage.\" \/>\n<meta property=\"og:url\" content=\"https:\/\/eccleblog.apsh34.org\/index.php\/2019\/03\/15\/au-dela-de-lobstacle\/\" \/>\n<meta property=\"og:site_name\" content=\"Blog du foyer de vie Camille Claudel\" \/>\n<meta property=\"article:publisher\" content=\"https:\/\/www.facebook.com\/apsh34\" \/>\n<meta property=\"article:published_time\" content=\"2019-03-15T09:00:00+00:00\" \/>\n<meta property=\"og:image\" content=\"https:\/\/eccleblog.apsh34.org\/wp-content\/uploads\/2025\/01\/escalade-1-scaled.jpg\" \/>\n\t<meta property=\"og:image:width\" content=\"2560\" \/>\n\t<meta property=\"og:image:height\" content=\"1920\" \/>\n\t<meta property=\"og:image:type\" content=\"image\/jpeg\" \/>\n<meta name=\"author\" content=\"Sofya\" \/>\n<meta name=\"twitter:card\" content=\"summary_large_image\" \/>\n<meta name=\"twitter:label1\" content=\"\u00c9crit par\" \/>\n\t<meta name=\"twitter:data1\" content=\"Sofya\" \/>\n<script type=\"application\/ld+json\" class=\"yoast-schema-graph\">{\"@context\":\"https:\/\/schema.org\",\"@graph\":[{\"@type\":\"Article\",\"@id\":\"https:\/\/eccleblog.apsh34.org\/index.php\/2019\/03\/15\/au-dela-de-lobstacle\/#article\",\"isPartOf\":{\"@id\":\"https:\/\/eccleblog.apsh34.org\/index.php\/2019\/03\/15\/au-dela-de-lobstacle\/\"},\"author\":{\"name\":\"Sofya\",\"@id\":\"https:\/\/eccleblog.apsh34.org\/#\/schema\/person\/f6fb767e779cd7f8cebc492dcfb0c8be\"},\"headline\":\"Escalade\",\"datePublished\":\"2019-03-15T09:00:00+00:00\",\"mainEntityOfPage\":{\"@id\":\"https:\/\/eccleblog.apsh34.org\/index.php\/2019\/03\/15\/au-dela-de-lobstacle\/\"},\"wordCount\":89,\"publisher\":{\"@id\":\"https:\/\/eccleblog.apsh34.org\/#organization\"},\"image\":{\"@id\":\"https:\/\/eccleblog.apsh34.org\/index.php\/2019\/03\/15\/au-dela-de-lobstacle\/#primaryimage\"},\"thumbnailUrl\":\"https:\/\/eccleblog.apsh34.org\/wp-content\/uploads\/2025\/01\/escalade-1-scaled.jpg\",\"articleSection\":[\"Nos activit\u00e9s\"],\"inLanguage\":\"fr-FR\"},{\"@type\":\"WebPage\",\"@id\":\"https:\/\/eccleblog.apsh34.org\/index.php\/2019\/03\/15\/au-dela-de-lobstacle\/\",\"url\":\"https:\/\/eccleblog.apsh34.org\/index.php\/2019\/03\/15\/au-dela-de-lobstacle\/\",\"name\":\"Escalade - Blog du foyer de vie Camille Claudel\",\"isPartOf\":{\"@id\":\"https:\/\/eccleblog.apsh34.org\/#website\"},\"primaryImageOfPage\":{\"@id\":\"https:\/\/eccleblog.apsh34.org\/index.php\/2019\/03\/15\/au-dela-de-lobstacle\/#primaryimage\"},\"image\":{\"@id\":\"https:\/\/eccleblog.apsh34.org\/index.php\/2019\/03\/15\/au-dela-de-lobstacle\/#primaryimage\"},\"thumbnailUrl\":\"https:\/\/eccleblog.apsh34.org\/wp-content\/uploads\/2025\/01\/escalade-1-scaled.jpg\",\"datePublished\":\"2019-03-15T09:00:00+00:00\",\"breadcrumb\":{\"@id\":\"https:\/\/eccleblog.apsh34.org\/index.php\/2019\/03\/15\/au-dela-de-lobstacle\/#breadcrumb\"},\"inLanguage\":\"fr-FR\",\"potentialAction\":[{\"@type\":\"ReadAction\",\"target\":[\"https:\/\/eccleblog.apsh34.org\/index.php\/2019\/03\/15\/au-dela-de-lobstacle\/\"]}]},{\"@type\":\"ImageObject\",\"inLanguage\":\"fr-FR\",\"@id\":\"https:\/\/eccleblog.apsh34.org\/index.php\/2019\/03\/15\/au-dela-de-lobstacle\/#primaryimage\",\"url\":\"https:\/\/eccleblog.apsh34.org\/wp-content\/uploads\/2025\/01\/escalade-1-scaled.jpg\",\"contentUrl\":\"https:\/\/eccleblog.apsh34.org\/wp-content\/uploads\/2025\/01\/escalade-1-scaled.jpg\",\"width\":2560,\"height\":1920,\"caption\":\"OLYMPUS DIGITAL CAMERA\"},{\"@type\":\"BreadcrumbList\",\"@id\":\"https:\/\/eccleblog.apsh34.org\/index.php\/2019\/03\/15\/au-dela-de-lobstacle\/#breadcrumb\",\"itemListElement\":[{\"@type\":\"ListItem\",\"position\":1,\"name\":\"Accueil\",\"item\":\"https:\/\/eccleblog.apsh34.org\/\"},{\"@type\":\"ListItem\",\"position\":2,\"name\":\"Escalade\"}]},{\"@type\":\"WebSite\",\"@id\":\"https:\/\/eccleblog.apsh34.org\/#website\",\"url\":\"https:\/\/eccleblog.apsh34.org\/\",\"name\":\"Blog du foyer de vie Camille Claudel - APSH34\",\"description\":\"Les couleurs de nos vies\",\"publisher\":{\"@id\":\"https:\/\/eccleblog.apsh34.org\/#organization\"},\"potentialAction\":[{\"@type\":\"SearchAction\",\"target\":{\"@type\":\"EntryPoint\",\"urlTemplate\":\"https:\/\/eccleblog.apsh34.org\/?s={search_term_string}\"},\"query-input\":{\"@type\":\"PropertyValueSpecification\",\"valueRequired\":true,\"valueName\":\"search_term_string\"}}],\"inLanguage\":\"fr-FR\"},{\"@type\":\"Organization\",\"@id\":\"https:\/\/eccleblog.apsh34.org\/#organization\",\"name\":\"Blog du foyer de vie Camille Claudel - APSH34\",\"url\":\"https:\/\/eccleblog.apsh34.org\/\",\"logo\":{\"@type\":\"ImageObject\",\"inLanguage\":\"fr-FR\",\"@id\":\"https:\/\/eccleblog.apsh34.org\/#\/schema\/logo\/image\/\",\"url\":\"https:\/\/eccleblog.apsh34.org\/wp-content\/uploads\/2025\/01\/cropped-Icone-apsh-1.png\",\"contentUrl\":\"https:\/\/eccleblog.apsh34.org\/wp-content\/uploads\/2025\/01\/cropped-Icone-apsh-1.png\",\"width\":512,\"height\":512,\"caption\":\"Blog du foyer de vie Camille Claudel - APSH34\"},\"image\":{\"@id\":\"https:\/\/eccleblog.apsh34.org\/#\/schema\/logo\/image\/\"},\"sameAs\":[\"https:\/\/www.facebook.com\/apsh34\",\"https:\/\/www.linkedin.com\/company\/apsh34\/\",\"https:\/\/www.instagram.com\/apsh34_association\/\",\"https:\/\/www.youtube.com\/@apsh34\"]},{\"@type\":\"Person\",\"@id\":\"https:\/\/eccleblog.apsh34.org\/#\/schema\/person\/f6fb767e779cd7f8cebc492dcfb0c8be\",\"name\":\"Sofya\",\"image\":{\"@type\":\"ImageObject\",\"inLanguage\":\"fr-FR\",\"@id\":\"https:\/\/eccleblog.apsh34.org\/#\/schema\/person\/image\/\",\"url\":\"https:\/\/secure.gravatar.com\/avatar\/38f248e8976d46ef6ccb70cba6f8d069c98c0d0ed9f39d3c7f286dc8ccd97586?s=96&d=mm&r=g\",\"contentUrl\":\"https:\/\/secure.gravatar.com\/avatar\/38f248e8976d46ef6ccb70cba6f8d069c98c0d0ed9f39d3c7f286dc8ccd97586?s=96&d=mm&r=g\",\"caption\":\"Sofya\"},\"sameAs\":[\"http:\/\/vbixuwd.cluster100.hosting.ovh.net\"],\"url\":\"https:\/\/eccleblog.apsh34.org\/index.php\/author\/admin7778\/\"}]}<\/script>\n<!-- \/ Yoast SEO plugin. -->","yoast_head_json":{"title":"Escalade - Blog du foyer de vie Camille Claudel","robots":{"index":"index","follow":"follow","max-snippet":"max-snippet:-1","max-image-preview":"max-image-preview:large","max-video-preview":"max-video-preview:-1"},"canonical":"https:\/\/eccleblog.apsh34.org\/index.php\/2019\/03\/15\/au-dela-de-lobstacle\/","og_locale":"fr_FR","og_type":"article","og_title":"Escalade - Blog du foyer de vie Camille Claudel","og_description":"Les d\u00e9fis en entreprise sont in\u00e9luctables, mais c\u2019est notre r\u00e9action \u00e0 ces d\u00e9fis qui d\u00e9finissent notre trajectoire. Regardez au-del\u00e0 de l\u2019obstacle imm\u00e9diat, au-del\u00e0 se trouve un royaume d\u2019opportunit\u00e9s et d\u2019apprentissage.","og_url":"https:\/\/eccleblog.apsh34.org\/index.php\/2019\/03\/15\/au-dela-de-lobstacle\/","og_site_name":"Blog du foyer de vie Camille Claudel","article_publisher":"https:\/\/www.facebook.com\/apsh34","article_published_time":"2019-03-15T09:00:00+00:00","og_image":[{"width":2560,"height":1920,"url":"https:\/\/eccleblog.apsh34.org\/wp-content\/uploads\/2025\/01\/escalade-1-scaled.jpg","type":"image\/jpeg"}],"author":"Sofya","twitter_card":"summary_large_image","twitter_misc":{"\u00c9crit par":"Sofya"},"schema":{"@context":"https:\/\/schema.org","@graph":[{"@type":"Article","@id":"https:\/\/eccleblog.apsh34.org\/index.php\/2019\/03\/15\/au-dela-de-lobstacle\/#article","isPartOf":{"@id":"https:\/\/eccleblog.apsh34.org\/index.php\/2019\/03\/15\/au-dela-de-lobstacle\/"},"author":{"name":"Sofya","@id":"https:\/\/eccleblog.apsh34.org\/#\/schema\/person\/f6fb767e779cd7f8cebc492dcfb0c8be"},"headline":"Escalade","datePublished":"2019-03-15T09:00:00+00:00","mainEntityOfPage":{"@id":"https:\/\/eccleblog.apsh34.org\/index.php\/2019\/03\/15\/au-dela-de-lobstacle\/"},"wordCount":89,"publisher":{"@id":"https:\/\/eccleblog.apsh34.org\/#organization"},"image":{"@id":"https:\/\/eccleblog.apsh34.org\/index.php\/2019\/03\/15\/au-dela-de-lobstacle\/#primaryimage"},"thumbnailUrl":"https:\/\/eccleblog.apsh34.org\/wp-content\/uploads\/2025\/01\/escalade-1-scaled.jpg","articleSection":["Nos activit\u00e9s"],"inLanguage":"fr-FR"},{"@type":"WebPage","@id":"https:\/\/eccleblog.apsh34.org\/index.php\/2019\/03\/15\/au-dela-de-lobstacle\/","url":"https:\/\/eccleblog.apsh34.org\/index.php\/2019\/03\/15\/au-dela-de-lobstacle\/","name":"Escalade - Blog du foyer de vie Camille Claudel","isPartOf":{"@id":"https:\/\/eccleblog.apsh34.org\/#website"},"primaryImageOfPage":{"@id":"https:\/\/eccleblog.apsh34.org\/index.php\/2019\/03\/15\/au-dela-de-lobstacle\/#primaryimage"},"image":{"@id":"https:\/\/eccleblog.apsh34.org\/index.php\/2019\/03\/15\/au-dela-de-lobstacle\/#primaryimage"},"thumbnailUrl":"https:\/\/eccleblog.apsh34.org\/wp-content\/uploads\/2025\/01\/escalade-1-scaled.jpg","datePublished":"2019-03-15T09:00:00+00:00","breadcrumb":{"@id":"https:\/\/eccleblog.apsh34.org\/index.php\/2019\/03\/15\/au-dela-de-lobstacle\/#breadcrumb"},"inLanguage":"fr-FR","potentialAction":[{"@type":"ReadAction","target":["https:\/\/eccleblog.apsh34.org\/index.php\/2019\/03\/15\/au-dela-de-lobstacle\/"]}]},{"@type":"ImageObject","inLanguage":"fr-FR","@id":"https:\/\/eccleblog.apsh34.org\/index.php\/2019\/03\/15\/au-dela-de-lobstacle\/#primaryimage","url":"https:\/\/eccleblog.apsh34.org\/wp-content\/uploads\/2025\/01\/escalade-1-scaled.jpg","contentUrl":"https:\/\/eccleblog.apsh34.org\/wp-content\/uploads\/2025\/01\/escalade-1-scaled.jpg","width":2560,"height":1920,"caption":"OLYMPUS DIGITAL CAMERA"},{"@type":"BreadcrumbList","@id":"https:\/\/eccleblog.apsh34.org\/index.php\/2019\/03\/15\/au-dela-de-lobstacle\/#breadcrumb","itemListElement":[{"@type":"ListItem","position":1,"name":"Accueil","item":"https:\/\/eccleblog.apsh34.org\/"},{"@type":"ListItem","position":2,"name":"Escalade"}]},{"@type":"WebSite","@id":"https:\/\/eccleblog.apsh34.org\/#website","url":"https:\/\/eccleblog.apsh34.org\/","name":"Blog du foyer de vie Camille Claudel - APSH34","description":"Les couleurs de nos vies","publisher":{"@id":"https:\/\/eccleblog.apsh34.org\/#organization"},"potentialAction":[{"@type":"SearchAction","target":{"@type":"EntryPoint","urlTemplate":"https:\/\/eccleblog.apsh34.org\/?s={search_term_string}"},"query-input":{"@type":"PropertyValueSpecification","valueRequired":true,"valueName":"search_term_string"}}],"inLanguage":"fr-FR"},{"@type":"Organization","@id":"https:\/\/eccleblog.apsh34.org\/#organization","name":"Blog du foyer de vie Camille Claudel - APSH34","url":"https:\/\/eccleblog.apsh34.org\/","logo":{"@type":"ImageObject","inLanguage":"fr-FR","@id":"https:\/\/eccleblog.apsh34.org\/#\/schema\/logo\/image\/","url":"https:\/\/eccleblog.apsh34.org\/wp-content\/uploads\/2025\/01\/cropped-Icone-apsh-1.png","contentUrl":"https:\/\/eccleblog.apsh34.org\/wp-content\/uploads\/2025\/01\/cropped-Icone-apsh-1.png","width":512,"height":512,"caption":"Blog du foyer de vie Camille Claudel - APSH34"},"image":{"@id":"https:\/\/eccleblog.apsh34.org\/#\/schema\/logo\/image\/"},"sameAs":["https:\/\/www.facebook.com\/apsh34","https:\/\/www.linkedin.com\/company\/apsh34\/","https:\/\/www.instagram.com\/apsh34_association\/","https:\/\/www.youtube.com\/@apsh34"]},{"@type":"Person","@id":"https:\/\/eccleblog.apsh34.org\/#\/schema\/person\/f6fb767e779cd7f8cebc492dcfb0c8be","name":"Sofya","image":{"@type":"ImageObject","inLanguage":"fr-FR","@id":"https:\/\/eccleblog.apsh34.org\/#\/schema\/person\/image\/","url":"https:\/\/secure.gravatar.com\/avatar\/38f248e8976d46ef6ccb70cba6f8d069c98c0d0ed9f39d3c7f286dc8ccd97586?s=96&d=mm&r=g","contentUrl":"https:\/\/secure.gravatar.com\/avatar\/38f248e8976d46ef6ccb70cba6f8d069c98c0d0ed9f39d3c7f286dc8ccd97586?s=96&d=mm&r=g","caption":"Sofya"},"sameAs":["http:\/\/vbixuwd.cluster100.hosting.ovh.net"],"url":"https:\/\/eccleblog.apsh34.org\/index.php\/author\/admin7778\/"}]}},"_links":{"self":[{"href":"https:\/\/eccleblog.apsh34.org\/index.php\/wp-json\/wp\/v2\/posts\/8","targetHints":{"allow":["GET"]}}],"collection":[{"href":"https:\/\/eccleblog.apsh34.org\/index.php\/wp-json\/wp\/v2\/posts"}],"about":[{"href":"https:\/\/eccleblog.apsh34.org\/index.php\/wp-json\/wp\/v2\/types\/post"}],"author":[{"embeddable":true,"href":"https:\/\/eccleblog.apsh34.org\/index.php\/wp-json\/wp\/v2\/users\/1"}],"replies":[{"embeddable":true,"href":"https:\/\/eccleblog.apsh34.org\/index.php\/wp-json\/wp\/v2\/comments?post=8"}],"version-history":[{"count":0,"href":"https:\/\/eccleblog.apsh34.org\/index.php\/wp-json\/wp\/v2\/posts\/8\/revisions"}],"wp:featuredmedia":[{"embeddable":true,"href":"https:\/\/eccleblog.apsh34.org\/index.php\/wp-json\/wp\/v2\/media\/56"}],"wp:attachment":[{"href":"https:\/\/eccleblog.apsh34.org\/index.php\/wp-json\/wp\/v2\/media?parent=8"}],"wp:term":[{"taxonomy":"category","embeddable":true,"href":"https:\/\/eccleblog.apsh34.org\/index.php\/wp-json\/wp\/v2\/categories?post=8"},{"taxonomy":"post_tag","embeddable":true,"href":"https:\/\/eccleblog.apsh34.org\/index.php\/wp-json\/wp\/v2\/tags?post=8"}],"curies":[{"name":"wp","href":"https:\/\/api.w.org\/{rel}","templated":true}]}}